{"id":2754,"date":"2024-07-07T16:06:23","date_gmt":"2024-07-07T16:06:23","guid":{"rendered":"https:\/\/philippe-tallis.fr\/?p=2754"},"modified":"2024-07-07T16:10:46","modified_gmt":"2024-07-07T16:10:46","slug":"gandhi-mira-6","status":"publish","type":"post","link":"https:\/\/philippe-tallis.fr\/?p=2754","title":{"rendered":"Gandhi &amp; Mira"},"content":{"rendered":"\n<figure class=\"wp-block-image size-full\"><img loading=\"lazy\" decoding=\"async\" width=\"1920\" height=\"2560\" src=\"https:\/\/philippe-tallis.fr\/wp-content\/uploads\/2024\/07\/IMG_0299-scaled.jpeg\" alt=\"\" class=\"wp-image-2732\" srcset=\"https:\/\/philippe-tallis.fr\/wp-content\/uploads\/2024\/07\/IMG_0299-scaled.jpeg 1920w, https:\/\/philippe-tallis.fr\/wp-content\/uploads\/2024\/07\/IMG_0299-1280x1707.jpeg 1280w, https:\/\/philippe-tallis.fr\/wp-content\/uploads\/2024\/07\/IMG_0299-980x1307.jpeg 980w, https:\/\/philippe-tallis.fr\/wp-content\/uploads\/2024\/07\/IMG_0299-480x640.jpeg 480w\" sizes=\"auto, (min-width: 0px) and (max-width: 480px) 480px, (min-width: 481px) and (max-width: 980px) 980px, (min-width: 981px) and (max-width: 1280px) 1280px, (min-width: 1281px) 1920px, 100vw\" \/><\/figure>\n\n\n\n<p>TITRE: Gandhi &amp; Mira<\/p>\n\n\n\n<p>DIMENSIONS: H:1,70m<\/p>\n\n\n\n<p>TECHNIQUE: Bronze<\/p>\n\n\n\n<p>DATES: 2024<\/p>\n\n\n\n<p>NOTES: Ici expos\u00e9 du 26 juin  jusqu&rsquo;au 22 septembre 2024 au Ch\u00e2teau De Monte Cristo, 78560 Le Port Marly, France<\/p>\n","protected":false},"excerpt":{"rendered":"<p>TITRE: Gandhi &amp; Mira DIMENSIONS: H:1,70m TECHNIQUE: Bronze DATES: 2024 NOTES: Ici expos\u00e9 du 26 juin jusqu&rsquo;au 22 septembre 2024 au Ch\u00e2teau De Monte Cristo, 78560 Le Port Marly, France<\/p>\n","protected":false},"author":2,"featured_media":2730,"comment_status":"closed","ping_status":"closed","sticky":false,"template":"","format":"standard","meta":{"_et_pb_use_builder":"off","_et_pb_old_content":"<!-- wp:image {\"id\":1513,\"sizeSlug\":\"full\",\"linkDestination\":\"none\",\"style\":{\"color\":{}}} -->\n<figure class=\"wp-block-image size-full\"><img src=\"https:\/\/philippe-tallis.fr\/wp-content\/uploads\/2021\/11\/tallis_0012.jpg\" alt=\"\" class=\"wp-image-1513\"\/><figcaption class=\"wp-element-caption\">Oeuvre de Philippe Tallis photographi\u00e9e dans son atelier \u00e0 Charenton-du-Cher le 19 octobre 2014.<\/figcaption><\/figure>\n<!-- \/wp:image -->\n\n<!-- wp:paragraph -->\n<p>TITRE: Rouge<\/p>\n<!-- \/wp:paragraph -->\n\n<!-- wp:paragraph -->\n<p>DIMENSIONS: 2,20m X 1,20m<\/p>\n<!-- \/wp:paragraph -->\n\n<!-- wp:paragraph -->\n<p>TECHNIQUE: Acrylique sur Toile<\/p>\n<!-- \/wp:paragraph -->\n\n<!-- wp:paragraph -->\n<p>DATES: 2008<\/p>\n<!-- \/wp:paragraph -->\n\n<!-- wp:paragraph -->\n<p>NOTES: Toile cr\u00e9\u00e9e d' apr\u00e8s Carolyn Carlson lors de l'improvisation propos\u00e9e au June Event 2008 avec Julie Brochen, Juha Marsalo, Michel Thouseau, sur le Stabbat Matter Furiosa de Jean Pierre Simeon<\/p>\n<!-- \/wp:paragraph -->","_et_gb_content_width":"793","footnotes":""},"categories":[4,15,7,29,31,27,21,16,41,6],"tags":[],"class_list":["post-2754","post","type-post","status-publish","format-standard","has-post-thumbnail","hentry","category-actualite","category-en-exposition","category-evenement","category-gens","category-rencontres","category-galeries","category-bronze-matieres","category-monumentales","category-portrait","category-sculpture"],"yoast_head":"<!-- This site is optimized with the Yoast SEO plugin v23.4 - https:\/\/yoast.com\/wordpress\/plugins\/seo\/ -->\n<title>Gandhi &amp; Mira - Philippe Tallis<\/title>\n<meta name=\"robots\" content=\"index, follow, max-snippet:-1, max-image-preview:large, max-video-preview:-1\" \/>\n<link rel=\"canonical\" href=\"https:\/\/philippe-tallis.fr\/?p=2754\" \/>\n<meta property=\"og:locale\" content=\"fr_FR\" \/>\n<meta property=\"og:type\" content=\"article\" \/>\n<meta property=\"og:title\" content=\"Gandhi &amp; Mira - Philippe Tallis\" \/>\n<meta property=\"og:description\" content=\"TITRE: Gandhi &amp; Mira DIMENSIONS: H:1,70m TECHNIQUE: Bronze DATES: 2024 NOTES: Ici expos\u00e9 du 26 juin jusqu&rsquo;au 22 septembre 2024 au Ch\u00e2teau De Monte Cristo, 78560 Le Port Marly, France\" \/>\n<meta property=\"og:url\" content=\"https:\/\/philippe-tallis.fr\/?p=2754\" \/>\n<meta property=\"og:site_name\" content=\"Philippe Tallis\" \/>\n<meta property=\"article:published_time\" content=\"2024-07-07T16:06:23+00:00\" \/>\n<meta property=\"article:modified_time\" content=\"2024-07-07T16:10:46+00:00\" \/>\n<meta property=\"og:image\" content=\"https:\/\/philippe-tallis.fr\/wp-content\/uploads\/2024\/07\/IMG_0263-scaled.jpeg\" \/>\n\t<meta property=\"og:image:width\" content=\"1920\" \/>\n\t<meta property=\"og:image:height\" content=\"2560\" \/>\n\t<meta property=\"og:image:type\" content=\"image\/jpeg\" \/>\n<meta name=\"author\" content=\"philippeTallis\" \/>\n<meta name=\"twitter:card\" content=\"summary_large_image\" \/>\n<meta name=\"twitter:label1\" content=\"\u00c9crit par\" \/>\n\t<meta name=\"twitter:data1\" content=\"philippeTallis\" \/>\n\t<meta name=\"twitter:label2\" content=\"Dur\u00e9e de lecture estim\u00e9e\" \/>\n\t<meta name=\"twitter:data2\" content=\"1 minute\" \/>\n<script type=\"application\/ld+json\" class=\"yoast-schema-graph\">{\"@context\":\"https:\/\/schema.org\",\"@graph\":[{\"@type\":\"Article\",\"@id\":\"https:\/\/philippe-tallis.fr\/?p=2754#article\",\"isPartOf\":{\"@id\":\"https:\/\/philippe-tallis.fr\/?p=2754\"},\"author\":{\"name\":\"philippeTallis\",\"@id\":\"https:\/\/philippe-tallis.fr\/#\/schema\/person\/81dc3e28768dc674097832ee6d328f8e\"},\"headline\":\"Gandhi &amp; Mira\",\"datePublished\":\"2024-07-07T16:06:23+00:00\",\"dateModified\":\"2024-07-07T16:10:46+00:00\",\"mainEntityOfPage\":{\"@id\":\"https:\/\/philippe-tallis.fr\/?p=2754\"},\"wordCount\":31,\"publisher\":{\"@id\":\"https:\/\/philippe-tallis.fr\/#\/schema\/person\/8b21ff657c6fe65d5455558b9cf260c2\"},\"image\":{\"@id\":\"https:\/\/philippe-tallis.fr\/?p=2754#primaryimage\"},\"thumbnailUrl\":\"https:\/\/philippe-tallis.fr\/wp-content\/uploads\/2024\/07\/IMG_0263-scaled.jpeg\",\"articleSection\":[\"Actualit\u00e9\",\"en exposition\",\"Ev\u00e9nement\",\"galerie : gens\",\"galerie : rencontres\",\"galeries\",\"mati\u00e8res : bronze\",\"monumentales\",\"PORTRAIT\",\"Sculpture\"],\"inLanguage\":\"fr-FR\"},{\"@type\":\"WebPage\",\"@id\":\"https:\/\/philippe-tallis.fr\/?p=2754\",\"url\":\"https:\/\/philippe-tallis.fr\/?p=2754\",\"name\":\"Gandhi &amp; Mira - Philippe Tallis\",\"isPartOf\":{\"@id\":\"https:\/\/philippe-tallis.fr\/#website\"},\"primaryImageOfPage\":{\"@id\":\"https:\/\/philippe-tallis.fr\/?p=2754#primaryimage\"},\"image\":{\"@id\":\"https:\/\/philippe-tallis.fr\/?p=2754#primaryimage\"},\"thumbnailUrl\":\"https:\/\/philippe-tallis.fr\/wp-content\/uploads\/2024\/07\/IMG_0263-scaled.jpeg\",\"datePublished\":\"2024-07-07T16:06:23+00:00\",\"dateModified\":\"2024-07-07T16:10:46+00:00\",\"breadcrumb\":{\"@id\":\"https:\/\/philippe-tallis.fr\/?p=2754#breadcrumb\"},\"inLanguage\":\"fr-FR\",\"potentialAction\":[{\"@type\":\"ReadAction\",\"target\":[\"https:\/\/philippe-tallis.fr\/?p=2754\"]}]},{\"@type\":\"ImageObject\",\"inLanguage\":\"fr-FR\",\"@id\":\"https:\/\/philippe-tallis.fr\/?p=2754#primaryimage\",\"url\":\"https:\/\/philippe-tallis.fr\/wp-content\/uploads\/2024\/07\/IMG_0263-scaled.jpeg\",\"contentUrl\":\"https:\/\/philippe-tallis.fr\/wp-content\/uploads\/2024\/07\/IMG_0263-scaled.jpeg\",\"width\":1920,\"height\":2560},{\"@type\":\"BreadcrumbList\",\"@id\":\"https:\/\/philippe-tallis.fr\/?p=2754#breadcrumb\",\"itemListElement\":[{\"@type\":\"ListItem\",\"position\":1,\"name\":\"Accueil\",\"item\":\"https:\/\/philippe-tallis.fr\/\"},{\"@type\":\"ListItem\",\"position\":2,\"name\":\"Gandhi &amp; Mira\"}]},{\"@type\":\"WebSite\",\"@id\":\"https:\/\/philippe-tallis.fr\/#website\",\"url\":\"https:\/\/philippe-tallis.fr\/\",\"name\":\"Philippe Tallis\",\"description\":\"Peintre - artiste - sculpteur\",\"publisher\":{\"@id\":\"https:\/\/philippe-tallis.fr\/#\/schema\/person\/8b21ff657c6fe65d5455558b9cf260c2\"},\"potentialAction\":[{\"@type\":\"SearchAction\",\"target\":{\"@type\":\"EntryPoint\",\"urlTemplate\":\"https:\/\/philippe-tallis.fr\/?s={search_term_string}\"},\"query-input\":{\"@type\":\"PropertyValueSpecification\",\"valueRequired\":true,\"valueName\":\"search_term_string\"}}],\"inLanguage\":\"fr-FR\"},{\"@type\":[\"Person\",\"Organization\"],\"@id\":\"https:\/\/philippe-tallis.fr\/#\/schema\/person\/8b21ff657c6fe65d5455558b9cf260c2\",\"name\":\"admin2022\",\"image\":{\"@type\":\"ImageObject\",\"inLanguage\":\"fr-FR\",\"@id\":\"https:\/\/philippe-tallis.fr\/#\/schema\/person\/image\/\",\"url\":\"https:\/\/philippe-tallis.site\/wp-content\/uploads\/2021\/10\/cropped-logo_philippe_tallis_icon.png\",\"contentUrl\":\"https:\/\/philippe-tallis.site\/wp-content\/uploads\/2021\/10\/cropped-logo_philippe_tallis_icon.png\",\"width\":512,\"height\":512,\"caption\":\"admin2022\"},\"logo\":{\"@id\":\"https:\/\/philippe-tallis.fr\/#\/schema\/person\/image\/\"},\"sameAs\":[\"https:\/\/superrocket.fr\/pro\"]},{\"@type\":\"Person\",\"@id\":\"https:\/\/philippe-tallis.fr\/#\/schema\/person\/81dc3e28768dc674097832ee6d328f8e\",\"name\":\"philippeTallis\",\"url\":\"https:\/\/philippe-tallis.fr\/?author=2\"}]}<\/script>\n<!-- \/ Yoast SEO plugin. -->","yoast_head_json":{"title":"Gandhi &amp; Mira - Philippe Tallis","robots":{"index":"index","follow":"follow","max-snippet":"max-snippet:-1","max-image-preview":"max-image-preview:large","max-video-preview":"max-video-preview:-1"},"canonical":"https:\/\/philippe-tallis.fr\/?p=2754","og_locale":"fr_FR","og_type":"article","og_title":"Gandhi &amp; Mira - Philippe Tallis","og_description":"TITRE: Gandhi &amp; Mira DIMENSIONS: H:1,70m TECHNIQUE: Bronze DATES: 2024 NOTES: Ici expos\u00e9 du 26 juin jusqu&rsquo;au 22 septembre 2024 au Ch\u00e2teau De Monte Cristo, 78560 Le Port Marly, France","og_url":"https:\/\/philippe-tallis.fr\/?p=2754","og_site_name":"Philippe Tallis","article_published_time":"2024-07-07T16:06:23+00:00","article_modified_time":"2024-07-07T16:10:46+00:00","og_image":[{"width":1920,"height":2560,"url":"https:\/\/philippe-tallis.fr\/wp-content\/uploads\/2024\/07\/IMG_0263-scaled.jpeg","type":"image\/jpeg"}],"author":"philippeTallis","twitter_card":"summary_large_image","twitter_misc":{"\u00c9crit par":"philippeTallis","Dur\u00e9e de lecture estim\u00e9e":"1 minute"},"schema":{"@context":"https:\/\/schema.org","@graph":[{"@type":"Article","@id":"https:\/\/philippe-tallis.fr\/?p=2754#article","isPartOf":{"@id":"https:\/\/philippe-tallis.fr\/?p=2754"},"author":{"name":"philippeTallis","@id":"https:\/\/philippe-tallis.fr\/#\/schema\/person\/81dc3e28768dc674097832ee6d328f8e"},"headline":"Gandhi &amp; Mira","datePublished":"2024-07-07T16:06:23+00:00","dateModified":"2024-07-07T16:10:46+00:00","mainEntityOfPage":{"@id":"https:\/\/philippe-tallis.fr\/?p=2754"},"wordCount":31,"publisher":{"@id":"https:\/\/philippe-tallis.fr\/#\/schema\/person\/8b21ff657c6fe65d5455558b9cf260c2"},"image":{"@id":"https:\/\/philippe-tallis.fr\/?p=2754#primaryimage"},"thumbnailUrl":"https:\/\/philippe-tallis.fr\/wp-content\/uploads\/2024\/07\/IMG_0263-scaled.jpeg","articleSection":["Actualit\u00e9","en exposition","Ev\u00e9nement","galerie : gens","galerie : rencontres","galeries","mati\u00e8res : bronze","monumentales","PORTRAIT","Sculpture"],"inLanguage":"fr-FR"},{"@type":"WebPage","@id":"https:\/\/philippe-tallis.fr\/?p=2754","url":"https:\/\/philippe-tallis.fr\/?p=2754","name":"Gandhi &amp; Mira - Philippe Tallis","isPartOf":{"@id":"https:\/\/philippe-tallis.fr\/#website"},"primaryImageOfPage":{"@id":"https:\/\/philippe-tallis.fr\/?p=2754#primaryimage"},"image":{"@id":"https:\/\/philippe-tallis.fr\/?p=2754#primaryimage"},"thumbnailUrl":"https:\/\/philippe-tallis.fr\/wp-content\/uploads\/2024\/07\/IMG_0263-scaled.jpeg","datePublished":"2024-07-07T16:06:23+00:00","dateModified":"2024-07-07T16:10:46+00:00","breadcrumb":{"@id":"https:\/\/philippe-tallis.fr\/?p=2754#breadcrumb"},"inLanguage":"fr-FR","potentialAction":[{"@type":"ReadAction","target":["https:\/\/philippe-tallis.fr\/?p=2754"]}]},{"@type":"ImageObject","inLanguage":"fr-FR","@id":"https:\/\/philippe-tallis.fr\/?p=2754#primaryimage","url":"https:\/\/philippe-tallis.fr\/wp-content\/uploads\/2024\/07\/IMG_0263-scaled.jpeg","contentUrl":"https:\/\/philippe-tallis.fr\/wp-content\/uploads\/2024\/07\/IMG_0263-scaled.jpeg","width":1920,"height":2560},{"@type":"BreadcrumbList","@id":"https:\/\/philippe-tallis.fr\/?p=2754#breadcrumb","itemListElement":[{"@type":"ListItem","position":1,"name":"Accueil","item":"https:\/\/philippe-tallis.fr\/"},{"@type":"ListItem","position":2,"name":"Gandhi &amp; Mira"}]},{"@type":"WebSite","@id":"https:\/\/philippe-tallis.fr\/#website","url":"https:\/\/philippe-tallis.fr\/","name":"Philippe Tallis","description":"Peintre - artiste - sculpteur","publisher":{"@id":"https:\/\/philippe-tallis.fr\/#\/schema\/person\/8b21ff657c6fe65d5455558b9cf260c2"},"potentialAction":[{"@type":"SearchAction","target":{"@type":"EntryPoint","urlTemplate":"https:\/\/philippe-tallis.fr\/?s={search_term_string}"},"query-input":{"@type":"PropertyValueSpecification","valueRequired":true,"valueName":"search_term_string"}}],"inLanguage":"fr-FR"},{"@type":["Person","Organization"],"@id":"https:\/\/philippe-tallis.fr\/#\/schema\/person\/8b21ff657c6fe65d5455558b9cf260c2","name":"admin2022","image":{"@type":"ImageObject","inLanguage":"fr-FR","@id":"https:\/\/philippe-tallis.fr\/#\/schema\/person\/image\/","url":"https:\/\/philippe-tallis.site\/wp-content\/uploads\/2021\/10\/cropped-logo_philippe_tallis_icon.png","contentUrl":"https:\/\/philippe-tallis.site\/wp-content\/uploads\/2021\/10\/cropped-logo_philippe_tallis_icon.png","width":512,"height":512,"caption":"admin2022"},"logo":{"@id":"https:\/\/philippe-tallis.fr\/#\/schema\/person\/image\/"},"sameAs":["https:\/\/superrocket.fr\/pro"]},{"@type":"Person","@id":"https:\/\/philippe-tallis.fr\/#\/schema\/person\/81dc3e28768dc674097832ee6d328f8e","name":"philippeTallis","url":"https:\/\/philippe-tallis.fr\/?author=2"}]}},"_links":{"self":[{"href":"https:\/\/philippe-tallis.fr\/index.php?rest_route=\/wp\/v2\/posts\/2754","targetHints":{"allow":["GET"]}}],"collection":[{"href":"https:\/\/philippe-tallis.fr\/index.php?rest_route=\/wp\/v2\/posts"}],"about":[{"href":"https:\/\/philippe-tallis.fr\/index.php?rest_route=\/wp\/v2\/types\/post"}],"author":[{"embeddable":true,"href":"https:\/\/philippe-tallis.fr\/index.php?rest_route=\/wp\/v2\/users\/2"}],"replies":[{"embeddable":true,"href":"https:\/\/philippe-tallis.fr\/index.php?rest_route=%2Fwp%2Fv2%2Fcomments&post=2754"}],"version-history":[{"count":3,"href":"https:\/\/philippe-tallis.fr\/index.php?rest_route=\/wp\/v2\/posts\/2754\/revisions"}],"predecessor-version":[{"id":2759,"href":"https:\/\/philippe-tallis.fr\/index.php?rest_route=\/wp\/v2\/posts\/2754\/revisions\/2759"}],"wp:featuredmedia":[{"embeddable":true,"href":"https:\/\/philippe-tallis.fr\/index.php?rest_route=\/wp\/v2\/media\/2730"}],"wp:attachment":[{"href":"https:\/\/philippe-tallis.fr\/index.php?rest_route=%2Fwp%2Fv2%2Fmedia&parent=2754"}],"wp:term":[{"taxonomy":"category","embeddable":true,"href":"https:\/\/philippe-tallis.fr\/index.php?rest_route=%2Fwp%2Fv2%2Fcategories&post=2754"},{"taxonomy":"post_tag","embeddable":true,"href":"https:\/\/philippe-tallis.fr\/index.php?rest_route=%2Fwp%2Fv2%2Ftags&post=2754"}],"curies":[{"name":"wp","href":"https:\/\/api.w.org\/{rel}","templated":true}]}}