{"id":2708,"date":"2023-12-30T15:27:05","date_gmt":"2023-12-30T15:27:05","guid":{"rendered":"https:\/\/philippe-tallis.fr\/?p=2708"},"modified":"2023-12-30T15:34:00","modified_gmt":"2023-12-30T15:34:00","slug":"entre-toile-emoi-2","status":"publish","type":"post","link":"https:\/\/philippe-tallis.fr\/?p=2708","title":{"rendered":"Entre Toile Emoi"},"content":{"rendered":"\n<figure class=\"wp-block-image size-full\"><img loading=\"lazy\" decoding=\"async\" width=\"2560\" height=\"1920\" src=\"https:\/\/philippe-tallis.fr\/wp-content\/uploads\/2023\/12\/2B3259AA-C031-4C10-9FFB-3F02697462F4-scaled.jpeg\" alt=\"\" class=\"wp-image-2711\" srcset=\"https:\/\/philippe-tallis.fr\/wp-content\/uploads\/2023\/12\/2B3259AA-C031-4C10-9FFB-3F02697462F4-scaled.jpeg 2560w, https:\/\/philippe-tallis.fr\/wp-content\/uploads\/2023\/12\/2B3259AA-C031-4C10-9FFB-3F02697462F4-1280x960.jpeg 1280w, https:\/\/philippe-tallis.fr\/wp-content\/uploads\/2023\/12\/2B3259AA-C031-4C10-9FFB-3F02697462F4-980x735.jpeg 980w, https:\/\/philippe-tallis.fr\/wp-content\/uploads\/2023\/12\/2B3259AA-C031-4C10-9FFB-3F02697462F4-480x360.jpeg 480w\" sizes=\"auto, (min-width: 0px) and (max-width: 480px) 480px, (min-width: 481px) and (max-width: 980px) 980px, (min-width: 981px) and (max-width: 1280px) 1280px, (min-width: 1281px) 2560px, 100vw\" \/><figcaption class=\"wp-element-caption\">Oeuvre de Vernissage Entre Toile Emoi de Philippe Tallis d&rsquo;apr\u00e8s Mod\u00e8le <\/figcaption><\/figure>\n\n\n\n<p>TITRE:Entre Toile Emoi<\/p>\n\n\n\n<p>DIMENSIONS:4,00m X 2,20m X x<\/p>\n\n\n\n<p>TECHNIQUE: Acrylique sur Toile<\/p>\n\n\n\n<p>DATES: 2023<\/p>\n\n\n\n<p>NOTES: Transfert Transparence <\/p>\n","protected":false},"excerpt":{"rendered":"<p>TITRE:Entre Toile Emoi DIMENSIONS:4,00m X 2,20m X x TECHNIQUE: Acrylique sur Toile DATES: 2023 NOTES: Transfert Transparence<\/p>\n","protected":false},"author":2,"featured_media":2715,"comment_status":"closed","ping_status":"closed","sticky":false,"template":"","format":"standard","meta":{"_et_pb_use_builder":"off","_et_pb_old_content":"<!-- wp:image {\"id\":1513,\"sizeSlug\":\"full\",\"linkDestination\":\"none\",\"style\":{\"color\":{}}} -->\n<figure class=\"wp-block-image size-full\"><img src=\"https:\/\/philippe-tallis.fr\/wp-content\/uploads\/2021\/11\/tallis_0012.jpg\" alt=\"\" class=\"wp-image-1513\"\/><figcaption class=\"wp-element-caption\">Oeuvre de Philippe Tallis photographi\u00e9e dans son atelier \u00e0 Charenton-du-Cher le 19 octobre 2014.<\/figcaption><\/figure>\n<!-- \/wp:image -->\n\n<!-- wp:paragraph -->\n<p>TITRE: Rouge<\/p>\n<!-- \/wp:paragraph -->\n\n<!-- wp:paragraph -->\n<p>DIMENSIONS: 2,20m X 1,20m<\/p>\n<!-- \/wp:paragraph -->\n\n<!-- wp:paragraph -->\n<p>TECHNIQUE: Acrylique sur Toile<\/p>\n<!-- \/wp:paragraph -->\n\n<!-- wp:paragraph -->\n<p>DATES: 2008<\/p>\n<!-- \/wp:paragraph -->\n\n<!-- wp:paragraph -->\n<p>NOTES: Toile cr\u00e9\u00e9e d' apr\u00e8s Carolyn Carlson lors de l'improvisation propos\u00e9e au June Event 2008 avec Julie Brochen, Juha Marsalo, Michel Thouseau, sur le Stabbat Matter Furiosa de Jean Pierre Simeon<\/p>\n<!-- \/wp:paragraph -->","_et_gb_content_width":"793","footnotes":""},"categories":[7,30,31,27,5,10],"tags":[],"class_list":["post-2708","post","type-post","status-publish","format-standard","has-post-thumbnail","hentry","category-evenement","category-nus","category-rencontres","category-galeries","category-peinture","category-peinture-en-public"],"yoast_head":"<!-- This site is optimized with the Yoast SEO plugin v23.4 - https:\/\/yoast.com\/wordpress\/plugins\/seo\/ -->\n<title>Entre Toile Emoi - Philippe Tallis<\/title>\n<meta name=\"robots\" content=\"index, follow, max-snippet:-1, max-image-preview:large, max-video-preview:-1\" \/>\n<link rel=\"canonical\" href=\"https:\/\/philippe-tallis.fr\/?p=2708\" \/>\n<meta property=\"og:locale\" content=\"fr_FR\" \/>\n<meta property=\"og:type\" content=\"article\" \/>\n<meta property=\"og:title\" content=\"Entre Toile Emoi - Philippe Tallis\" \/>\n<meta property=\"og:description\" content=\"TITRE:Entre Toile Emoi DIMENSIONS:4,00m X 2,20m X x TECHNIQUE: Acrylique sur Toile DATES: 2023 NOTES: Transfert Transparence\" \/>\n<meta property=\"og:url\" content=\"https:\/\/philippe-tallis.fr\/?p=2708\" \/>\n<meta property=\"og:site_name\" content=\"Philippe Tallis\" \/>\n<meta property=\"article:published_time\" content=\"2023-12-30T15:27:05+00:00\" \/>\n<meta property=\"article:modified_time\" content=\"2023-12-30T15:34:00+00:00\" \/>\n<meta property=\"og:image\" content=\"https:\/\/philippe-tallis.fr\/wp-content\/uploads\/2023\/12\/963F6FC9-5C66-4F8B-A656-BF31EDDB40F7-scaled.jpeg\" \/>\n\t<meta property=\"og:image:width\" content=\"2560\" \/>\n\t<meta property=\"og:image:height\" content=\"1920\" \/>\n\t<meta property=\"og:image:type\" content=\"image\/jpeg\" \/>\n<meta name=\"author\" content=\"philippeTallis\" \/>\n<meta name=\"twitter:card\" content=\"summary_large_image\" \/>\n<meta name=\"twitter:label1\" content=\"\u00c9crit par\" \/>\n\t<meta name=\"twitter:data1\" content=\"philippeTallis\" \/>\n\t<meta name=\"twitter:label2\" content=\"Dur\u00e9e de lecture estim\u00e9e\" \/>\n\t<meta name=\"twitter:data2\" content=\"1 minute\" \/>\n<script type=\"application\/ld+json\" class=\"yoast-schema-graph\">{\"@context\":\"https:\/\/schema.org\",\"@graph\":[{\"@type\":\"Article\",\"@id\":\"https:\/\/philippe-tallis.fr\/?p=2708#article\",\"isPartOf\":{\"@id\":\"https:\/\/philippe-tallis.fr\/?p=2708\"},\"author\":{\"name\":\"philippeTallis\",\"@id\":\"https:\/\/philippe-tallis.fr\/#\/schema\/person\/81dc3e28768dc674097832ee6d328f8e\"},\"headline\":\"Entre Toile Emoi\",\"datePublished\":\"2023-12-30T15:27:05+00:00\",\"dateModified\":\"2023-12-30T15:34:00+00:00\",\"mainEntityOfPage\":{\"@id\":\"https:\/\/philippe-tallis.fr\/?p=2708\"},\"wordCount\":35,\"publisher\":{\"@id\":\"https:\/\/philippe-tallis.fr\/#\/schema\/person\/8b21ff657c6fe65d5455558b9cf260c2\"},\"image\":{\"@id\":\"https:\/\/philippe-tallis.fr\/?p=2708#primaryimage\"},\"thumbnailUrl\":\"https:\/\/philippe-tallis.fr\/wp-content\/uploads\/2023\/12\/963F6FC9-5C66-4F8B-A656-BF31EDDB40F7-scaled.jpeg\",\"articleSection\":[\"Ev\u00e9nement\",\"galerie : nus\",\"galerie : rencontres\",\"galeries\",\"Peinture\",\"peinture en public\"],\"inLanguage\":\"fr-FR\"},{\"@type\":\"WebPage\",\"@id\":\"https:\/\/philippe-tallis.fr\/?p=2708\",\"url\":\"https:\/\/philippe-tallis.fr\/?p=2708\",\"name\":\"Entre Toile Emoi - Philippe Tallis\",\"isPartOf\":{\"@id\":\"https:\/\/philippe-tallis.fr\/#website\"},\"primaryImageOfPage\":{\"@id\":\"https:\/\/philippe-tallis.fr\/?p=2708#primaryimage\"},\"image\":{\"@id\":\"https:\/\/philippe-tallis.fr\/?p=2708#primaryimage\"},\"thumbnailUrl\":\"https:\/\/philippe-tallis.fr\/wp-content\/uploads\/2023\/12\/963F6FC9-5C66-4F8B-A656-BF31EDDB40F7-scaled.jpeg\",\"datePublished\":\"2023-12-30T15:27:05+00:00\",\"dateModified\":\"2023-12-30T15:34:00+00:00\",\"breadcrumb\":{\"@id\":\"https:\/\/philippe-tallis.fr\/?p=2708#breadcrumb\"},\"inLanguage\":\"fr-FR\",\"potentialAction\":[{\"@type\":\"ReadAction\",\"target\":[\"https:\/\/philippe-tallis.fr\/?p=2708\"]}]},{\"@type\":\"ImageObject\",\"inLanguage\":\"fr-FR\",\"@id\":\"https:\/\/philippe-tallis.fr\/?p=2708#primaryimage\",\"url\":\"https:\/\/philippe-tallis.fr\/wp-content\/uploads\/2023\/12\/963F6FC9-5C66-4F8B-A656-BF31EDDB40F7-scaled.jpeg\",\"contentUrl\":\"https:\/\/philippe-tallis.fr\/wp-content\/uploads\/2023\/12\/963F6FC9-5C66-4F8B-A656-BF31EDDB40F7-scaled.jpeg\",\"width\":2560,\"height\":1920,\"caption\":\"Entre Toile Emoi\"},{\"@type\":\"BreadcrumbList\",\"@id\":\"https:\/\/philippe-tallis.fr\/?p=2708#breadcrumb\",\"itemListElement\":[{\"@type\":\"ListItem\",\"position\":1,\"name\":\"Accueil\",\"item\":\"https:\/\/philippe-tallis.fr\/\"},{\"@type\":\"ListItem\",\"position\":2,\"name\":\"Entre Toile Emoi\"}]},{\"@type\":\"WebSite\",\"@id\":\"https:\/\/philippe-tallis.fr\/#website\",\"url\":\"https:\/\/philippe-tallis.fr\/\",\"name\":\"Philippe Tallis\",\"description\":\"Peintre - artiste - sculpteur\",\"publisher\":{\"@id\":\"https:\/\/philippe-tallis.fr\/#\/schema\/person\/8b21ff657c6fe65d5455558b9cf260c2\"},\"potentialAction\":[{\"@type\":\"SearchAction\",\"target\":{\"@type\":\"EntryPoint\",\"urlTemplate\":\"https:\/\/philippe-tallis.fr\/?s={search_term_string}\"},\"query-input\":{\"@type\":\"PropertyValueSpecification\",\"valueRequired\":true,\"valueName\":\"search_term_string\"}}],\"inLanguage\":\"fr-FR\"},{\"@type\":[\"Person\",\"Organization\"],\"@id\":\"https:\/\/philippe-tallis.fr\/#\/schema\/person\/8b21ff657c6fe65d5455558b9cf260c2\",\"name\":\"admin2022\",\"image\":{\"@type\":\"ImageObject\",\"inLanguage\":\"fr-FR\",\"@id\":\"https:\/\/philippe-tallis.fr\/#\/schema\/person\/image\/\",\"url\":\"https:\/\/philippe-tallis.site\/wp-content\/uploads\/2021\/10\/cropped-logo_philippe_tallis_icon.png\",\"contentUrl\":\"https:\/\/philippe-tallis.site\/wp-content\/uploads\/2021\/10\/cropped-logo_philippe_tallis_icon.png\",\"width\":512,\"height\":512,\"caption\":\"admin2022\"},\"logo\":{\"@id\":\"https:\/\/philippe-tallis.fr\/#\/schema\/person\/image\/\"},\"sameAs\":[\"https:\/\/superrocket.fr\/pro\"]},{\"@type\":\"Person\",\"@id\":\"https:\/\/philippe-tallis.fr\/#\/schema\/person\/81dc3e28768dc674097832ee6d328f8e\",\"name\":\"philippeTallis\",\"url\":\"https:\/\/philippe-tallis.fr\/?author=2\"}]}<\/script>\n<!-- \/ Yoast SEO plugin. -->","yoast_head_json":{"title":"Entre Toile Emoi - Philippe Tallis","robots":{"index":"index","follow":"follow","max-snippet":"max-snippet:-1","max-image-preview":"max-image-preview:large","max-video-preview":"max-video-preview:-1"},"canonical":"https:\/\/philippe-tallis.fr\/?p=2708","og_locale":"fr_FR","og_type":"article","og_title":"Entre Toile Emoi - Philippe Tallis","og_description":"TITRE:Entre Toile Emoi DIMENSIONS:4,00m X 2,20m X x TECHNIQUE: Acrylique sur Toile DATES: 2023 NOTES: Transfert Transparence","og_url":"https:\/\/philippe-tallis.fr\/?p=2708","og_site_name":"Philippe Tallis","article_published_time":"2023-12-30T15:27:05+00:00","article_modified_time":"2023-12-30T15:34:00+00:00","og_image":[{"width":2560,"height":1920,"url":"https:\/\/philippe-tallis.fr\/wp-content\/uploads\/2023\/12\/963F6FC9-5C66-4F8B-A656-BF31EDDB40F7-scaled.jpeg","type":"image\/jpeg"}],"author":"philippeTallis","twitter_card":"summary_large_image","twitter_misc":{"\u00c9crit par":"philippeTallis","Dur\u00e9e de lecture estim\u00e9e":"1 minute"},"schema":{"@context":"https:\/\/schema.org","@graph":[{"@type":"Article","@id":"https:\/\/philippe-tallis.fr\/?p=2708#article","isPartOf":{"@id":"https:\/\/philippe-tallis.fr\/?p=2708"},"author":{"name":"philippeTallis","@id":"https:\/\/philippe-tallis.fr\/#\/schema\/person\/81dc3e28768dc674097832ee6d328f8e"},"headline":"Entre Toile Emoi","datePublished":"2023-12-30T15:27:05+00:00","dateModified":"2023-12-30T15:34:00+00:00","mainEntityOfPage":{"@id":"https:\/\/philippe-tallis.fr\/?p=2708"},"wordCount":35,"publisher":{"@id":"https:\/\/philippe-tallis.fr\/#\/schema\/person\/8b21ff657c6fe65d5455558b9cf260c2"},"image":{"@id":"https:\/\/philippe-tallis.fr\/?p=2708#primaryimage"},"thumbnailUrl":"https:\/\/philippe-tallis.fr\/wp-content\/uploads\/2023\/12\/963F6FC9-5C66-4F8B-A656-BF31EDDB40F7-scaled.jpeg","articleSection":["Ev\u00e9nement","galerie : nus","galerie : rencontres","galeries","Peinture","peinture en public"],"inLanguage":"fr-FR"},{"@type":"WebPage","@id":"https:\/\/philippe-tallis.fr\/?p=2708","url":"https:\/\/philippe-tallis.fr\/?p=2708","name":"Entre Toile Emoi - Philippe Tallis","isPartOf":{"@id":"https:\/\/philippe-tallis.fr\/#website"},"primaryImageOfPage":{"@id":"https:\/\/philippe-tallis.fr\/?p=2708#primaryimage"},"image":{"@id":"https:\/\/philippe-tallis.fr\/?p=2708#primaryimage"},"thumbnailUrl":"https:\/\/philippe-tallis.fr\/wp-content\/uploads\/2023\/12\/963F6FC9-5C66-4F8B-A656-BF31EDDB40F7-scaled.jpeg","datePublished":"2023-12-30T15:27:05+00:00","dateModified":"2023-12-30T15:34:00+00:00","breadcrumb":{"@id":"https:\/\/philippe-tallis.fr\/?p=2708#breadcrumb"},"inLanguage":"fr-FR","potentialAction":[{"@type":"ReadAction","target":["https:\/\/philippe-tallis.fr\/?p=2708"]}]},{"@type":"ImageObject","inLanguage":"fr-FR","@id":"https:\/\/philippe-tallis.fr\/?p=2708#primaryimage","url":"https:\/\/philippe-tallis.fr\/wp-content\/uploads\/2023\/12\/963F6FC9-5C66-4F8B-A656-BF31EDDB40F7-scaled.jpeg","contentUrl":"https:\/\/philippe-tallis.fr\/wp-content\/uploads\/2023\/12\/963F6FC9-5C66-4F8B-A656-BF31EDDB40F7-scaled.jpeg","width":2560,"height":1920,"caption":"Entre Toile Emoi"},{"@type":"BreadcrumbList","@id":"https:\/\/philippe-tallis.fr\/?p=2708#breadcrumb","itemListElement":[{"@type":"ListItem","position":1,"name":"Accueil","item":"https:\/\/philippe-tallis.fr\/"},{"@type":"ListItem","position":2,"name":"Entre Toile Emoi"}]},{"@type":"WebSite","@id":"https:\/\/philippe-tallis.fr\/#website","url":"https:\/\/philippe-tallis.fr\/","name":"Philippe Tallis","description":"Peintre - artiste - sculpteur","publisher":{"@id":"https:\/\/philippe-tallis.fr\/#\/schema\/person\/8b21ff657c6fe65d5455558b9cf260c2"},"potentialAction":[{"@type":"SearchAction","target":{"@type":"EntryPoint","urlTemplate":"https:\/\/philippe-tallis.fr\/?s={search_term_string}"},"query-input":{"@type":"PropertyValueSpecification","valueRequired":true,"valueName":"search_term_string"}}],"inLanguage":"fr-FR"},{"@type":["Person","Organization"],"@id":"https:\/\/philippe-tallis.fr\/#\/schema\/person\/8b21ff657c6fe65d5455558b9cf260c2","name":"admin2022","image":{"@type":"ImageObject","inLanguage":"fr-FR","@id":"https:\/\/philippe-tallis.fr\/#\/schema\/person\/image\/","url":"https:\/\/philippe-tallis.site\/wp-content\/uploads\/2021\/10\/cropped-logo_philippe_tallis_icon.png","contentUrl":"https:\/\/philippe-tallis.site\/wp-content\/uploads\/2021\/10\/cropped-logo_philippe_tallis_icon.png","width":512,"height":512,"caption":"admin2022"},"logo":{"@id":"https:\/\/philippe-tallis.fr\/#\/schema\/person\/image\/"},"sameAs":["https:\/\/superrocket.fr\/pro"]},{"@type":"Person","@id":"https:\/\/philippe-tallis.fr\/#\/schema\/person\/81dc3e28768dc674097832ee6d328f8e","name":"philippeTallis","url":"https:\/\/philippe-tallis.fr\/?author=2"}]}},"_links":{"self":[{"href":"https:\/\/philippe-tallis.fr\/index.php?rest_route=\/wp\/v2\/posts\/2708","targetHints":{"allow":["GET"]}}],"collection":[{"href":"https:\/\/philippe-tallis.fr\/index.php?rest_route=\/wp\/v2\/posts"}],"about":[{"href":"https:\/\/philippe-tallis.fr\/index.php?rest_route=\/wp\/v2\/types\/post"}],"author":[{"embeddable":true,"href":"https:\/\/philippe-tallis.fr\/index.php?rest_route=\/wp\/v2\/users\/2"}],"replies":[{"embeddable":true,"href":"https:\/\/philippe-tallis.fr\/index.php?rest_route=%2Fwp%2Fv2%2Fcomments&post=2708"}],"version-history":[{"count":2,"href":"https:\/\/philippe-tallis.fr\/index.php?rest_route=\/wp\/v2\/posts\/2708\/revisions"}],"predecessor-version":[{"id":2712,"href":"https:\/\/philippe-tallis.fr\/index.php?rest_route=\/wp\/v2\/posts\/2708\/revisions\/2712"}],"wp:featuredmedia":[{"embeddable":true,"href":"https:\/\/philippe-tallis.fr\/index.php?rest_route=\/wp\/v2\/media\/2715"}],"wp:attachment":[{"href":"https:\/\/philippe-tallis.fr\/index.php?rest_route=%2Fwp%2Fv2%2Fmedia&parent=2708"}],"wp:term":[{"taxonomy":"category","embeddable":true,"href":"https:\/\/philippe-tallis.fr\/index.php?rest_route=%2Fwp%2Fv2%2Fcategories&post=2708"},{"taxonomy":"post_tag","embeddable":true,"href":"https:\/\/philippe-tallis.fr\/index.php?rest_route=%2Fwp%2Fv2%2Ftags&post=2708"}],"curies":[{"name":"wp","href":"https:\/\/api.w.org\/{rel}","templated":true}]}}