{"id":2248,"date":"2022-04-22T20:30:51","date_gmt":"2022-04-22T20:30:51","guid":{"rendered":"https:\/\/philippe-tallis.fr\/?p=2248"},"modified":"2022-11-18T13:40:39","modified_gmt":"2022-11-18T13:40:39","slug":"portrait-debout","status":"publish","type":"post","link":"https:\/\/philippe-tallis.fr\/?p=2248","title":{"rendered":"Portrait debout"},"content":{"rendered":"\n<figure class=\"wp-block-image size-large is-resized\"><img decoding=\"async\" src=\"https:\/\/philippe-tallis.fr\/wp-content\/uploads\/2022\/11\/Maartje_0609-edited-2-scaled.jpg\" alt=\"\" class=\"wp-image-2394\" width=\"449\" srcset=\"https:\/\/philippe-tallis.fr\/wp-content\/uploads\/2022\/11\/Maartje_0609-edited-2-scaled.jpg 1920w, https:\/\/philippe-tallis.fr\/wp-content\/uploads\/2022\/11\/Maartje_0609-edited-2-1280x1707.jpg 1280w, https:\/\/philippe-tallis.fr\/wp-content\/uploads\/2022\/11\/Maartje_0609-edited-2-980x1307.jpg 980w, https:\/\/philippe-tallis.fr\/wp-content\/uploads\/2022\/11\/Maartje_0609-edited-2-480x640.jpg 480w\" sizes=\"(min-width: 0px) and (max-width: 480px) 480px, (min-width: 481px) and (max-width: 980px) 980px, (min-width: 981px) and (max-width: 1280px) 1280px, (min-width: 1281px) 1920px, 100vw\" \/><\/figure>\n\n\n<p>[et_pb_section admin_label=\u00a0\u00bbsection\u00a0\u00bb]<br>\n\t\t\t[et_pb_row admin_label=\u00a0\u00bbrow\u00a0\u00bb]<br>\n\t\t\t\t[et_pb_column type=\u00a0\u00bb4_4&Prime;][et_pb_text admin_label=\u00a0\u00bbText\u00a0\u00bb]<\/p>\n\n\n<p>TITRE: Portrait <\/p>\n\n\n\n<p>DIMENSIONS:  H 30cm<\/p>\n\n\n\n<p>TECHNIQUE: Pierre <\/p>\n\n\n\n<p>DATES: 2014<\/p>\n\n\n\n<p>NOTES: Portrait <\/p>\n\n\n<p>[\/et_pb_text][\/et_pb_column]<br>\n\t\t\t[\/et_pb_row]<br>\n\t\t[\/et_pb_section]<\/p>","protected":false},"excerpt":{"rendered":"<p>TITRE: Portrait DIMENSIONS: H 30cm TECHNIQUE: Pierre DATES: 2014 NOTES: Portrait<\/p>\n","protected":false},"author":1,"featured_media":2165,"comment_status":"closed","ping_status":"closed","sticky":false,"template":"","format":"standard","meta":{"_et_pb_use_builder":"on","_et_pb_old_content":"<!-- wp:image {\"id\":2115,\"sizeSlug\":\"full\",\"linkDestination\":\"none\"} -->\n<figure class=\"wp-block-image size-full\"><img src=\"https:\/\/philippe-tallis.fr\/wp-content\/uploads\/2022\/04\/BC62FF51-5FAC-4D02-BFBB-CA8D6457E41A_1_105_c.jpeg\" alt=\"\" class=\"wp-image-2115\"\/><\/figure>\n<!-- \/wp:image -->\n\n<!-- wp:paragraph -->\n<p>TITRE: Autruches Portes Ouvertes<\/p>\n<!-- \/wp:paragraph -->\n\n<!-- wp:paragraph -->\n<p>DIMENSIONS:  H 3,30m X 2,40m X 1,30m<\/p>\n<!-- \/wp:paragraph -->\n\n<!-- wp:paragraph -->\n<p>TECHNIQUE: M\u00e9tal forg\u00e9 et m\u00e9tal d\u00e9tourn\u00e9<\/p>\n<!-- \/wp:paragraph -->\n\n<!-- wp:paragraph -->\n<p>DATES: 2013<\/p>\n<!-- \/wp:paragraph -->\n\n<!-- wp:paragraph -->\n<p>NOTES: Ici Autruches Portes Ouvertes en exposition au Parc Floral , Paris<\/p>\n<!-- \/wp:paragraph -->","_et_gb_content_width":"2880","footnotes":""},"categories":[29,33,27,22,18,6],"tags":[],"class_list":["post-2248","post","type-post","status-publish","format-standard","has-post-thumbnail","hentry","category-gens","category-sculptures","category-galeries","category-pierre-matieres","category-pierre","category-sculpture"],"yoast_head":"<!-- This site is optimized with the Yoast SEO plugin v23.4 - https:\/\/yoast.com\/wordpress\/plugins\/seo\/ -->\n<title>Portrait debout - Philippe Tallis %<\/title>\n<meta name=\"description\" content=\"%\" \/>\n<meta name=\"robots\" content=\"index, follow, max-snippet:-1, max-image-preview:large, max-video-preview:-1\" \/>\n<link rel=\"canonical\" href=\"https:\/\/philippe-tallis.fr\/?p=2248\" \/>\n<meta property=\"og:locale\" content=\"fr_FR\" \/>\n<meta property=\"og:type\" content=\"article\" \/>\n<meta property=\"og:title\" content=\"Portrait debout - Philippe Tallis %\" \/>\n<meta property=\"og:description\" content=\"%\" \/>\n<meta property=\"og:url\" content=\"https:\/\/philippe-tallis.fr\/?p=2248\" \/>\n<meta property=\"og:site_name\" content=\"Philippe Tallis\" \/>\n<meta property=\"article:published_time\" content=\"2022-04-22T20:30:51+00:00\" \/>\n<meta property=\"article:modified_time\" content=\"2022-11-18T13:40:39+00:00\" \/>\n<meta property=\"og:image\" content=\"https:\/\/philippe-tallis.fr\/wp-content\/uploads\/2022\/04\/Maartje_0642-scaled.jpg\" \/>\n\t<meta property=\"og:image:width\" content=\"1920\" \/>\n\t<meta property=\"og:image:height\" content=\"2560\" \/>\n\t<meta property=\"og:image:type\" content=\"image\/jpeg\" \/>\n<meta name=\"author\" content=\"admin2022\" \/>\n<meta name=\"twitter:card\" content=\"summary_large_image\" \/>\n<meta name=\"twitter:label1\" content=\"\u00c9crit par\" \/>\n\t<meta name=\"twitter:data1\" content=\"admin2022\" \/>\n\t<meta name=\"twitter:label2\" content=\"Dur\u00e9e de lecture estim\u00e9e\" \/>\n\t<meta name=\"twitter:data2\" content=\"1 minute\" \/>\n<script type=\"application\/ld+json\" class=\"yoast-schema-graph\">{\"@context\":\"https:\/\/schema.org\",\"@graph\":[{\"@type\":\"Article\",\"@id\":\"https:\/\/philippe-tallis.fr\/?p=2248#article\",\"isPartOf\":{\"@id\":\"https:\/\/philippe-tallis.fr\/?p=2248\"},\"author\":{\"name\":\"admin2022\",\"@id\":\"https:\/\/philippe-tallis.fr\/#\/schema\/person\/8b21ff657c6fe65d5455558b9cf260c2\"},\"headline\":\"Portrait debout\",\"datePublished\":\"2022-04-22T20:30:51+00:00\",\"dateModified\":\"2022-11-18T13:40:39+00:00\",\"mainEntityOfPage\":{\"@id\":\"https:\/\/philippe-tallis.fr\/?p=2248\"},\"wordCount\":46,\"publisher\":{\"@id\":\"https:\/\/philippe-tallis.fr\/#\/schema\/person\/8b21ff657c6fe65d5455558b9cf260c2\"},\"image\":{\"@id\":\"https:\/\/philippe-tallis.fr\/?p=2248#primaryimage\"},\"thumbnailUrl\":\"https:\/\/philippe-tallis.fr\/wp-content\/uploads\/2022\/04\/Maartje_0642-scaled.jpg\",\"articleSection\":[\"galerie : gens\",\"galerie : sculptures\",\"galeries\",\"mati\u00e8res : pierre\",\"pierre\",\"Sculpture\"],\"inLanguage\":\"fr-FR\"},{\"@type\":\"WebPage\",\"@id\":\"https:\/\/philippe-tallis.fr\/?p=2248\",\"url\":\"https:\/\/philippe-tallis.fr\/?p=2248\",\"name\":\"Portrait debout - Philippe Tallis %\",\"isPartOf\":{\"@id\":\"https:\/\/philippe-tallis.fr\/#website\"},\"primaryImageOfPage\":{\"@id\":\"https:\/\/philippe-tallis.fr\/?p=2248#primaryimage\"},\"image\":{\"@id\":\"https:\/\/philippe-tallis.fr\/?p=2248#primaryimage\"},\"thumbnailUrl\":\"https:\/\/philippe-tallis.fr\/wp-content\/uploads\/2022\/04\/Maartje_0642-scaled.jpg\",\"datePublished\":\"2022-04-22T20:30:51+00:00\",\"dateModified\":\"2022-11-18T13:40:39+00:00\",\"description\":\"%\",\"breadcrumb\":{\"@id\":\"https:\/\/philippe-tallis.fr\/?p=2248#breadcrumb\"},\"inLanguage\":\"fr-FR\",\"potentialAction\":[{\"@type\":\"ReadAction\",\"target\":[\"https:\/\/philippe-tallis.fr\/?p=2248\"]}]},{\"@type\":\"ImageObject\",\"inLanguage\":\"fr-FR\",\"@id\":\"https:\/\/philippe-tallis.fr\/?p=2248#primaryimage\",\"url\":\"https:\/\/philippe-tallis.fr\/wp-content\/uploads\/2022\/04\/Maartje_0642-scaled.jpg\",\"contentUrl\":\"https:\/\/philippe-tallis.fr\/wp-content\/uploads\/2022\/04\/Maartje_0642-scaled.jpg\",\"width\":1920,\"height\":2560,\"caption\":\"Portrait debout\"},{\"@type\":\"BreadcrumbList\",\"@id\":\"https:\/\/philippe-tallis.fr\/?p=2248#breadcrumb\",\"itemListElement\":[{\"@type\":\"ListItem\",\"position\":1,\"name\":\"Accueil\",\"item\":\"https:\/\/philippe-tallis.fr\/\"},{\"@type\":\"ListItem\",\"position\":2,\"name\":\"Portrait debout\"}]},{\"@type\":\"WebSite\",\"@id\":\"https:\/\/philippe-tallis.fr\/#website\",\"url\":\"https:\/\/philippe-tallis.fr\/\",\"name\":\"Philippe Tallis\",\"description\":\"Peintre - artiste - sculpteur\",\"publisher\":{\"@id\":\"https:\/\/philippe-tallis.fr\/#\/schema\/person\/8b21ff657c6fe65d5455558b9cf260c2\"},\"potentialAction\":[{\"@type\":\"SearchAction\",\"target\":{\"@type\":\"EntryPoint\",\"urlTemplate\":\"https:\/\/philippe-tallis.fr\/?s={search_term_string}\"},\"query-input\":{\"@type\":\"PropertyValueSpecification\",\"valueRequired\":true,\"valueName\":\"search_term_string\"}}],\"inLanguage\":\"fr-FR\"},{\"@type\":[\"Person\",\"Organization\"],\"@id\":\"https:\/\/philippe-tallis.fr\/#\/schema\/person\/8b21ff657c6fe65d5455558b9cf260c2\",\"name\":\"admin2022\",\"image\":{\"@type\":\"ImageObject\",\"inLanguage\":\"fr-FR\",\"@id\":\"https:\/\/philippe-tallis.fr\/#\/schema\/person\/image\/\",\"url\":\"https:\/\/philippe-tallis.site\/wp-content\/uploads\/2021\/10\/cropped-logo_philippe_tallis_icon.png\",\"contentUrl\":\"https:\/\/philippe-tallis.site\/wp-content\/uploads\/2021\/10\/cropped-logo_philippe_tallis_icon.png\",\"width\":512,\"height\":512,\"caption\":\"admin2022\"},\"logo\":{\"@id\":\"https:\/\/philippe-tallis.fr\/#\/schema\/person\/image\/\"},\"sameAs\":[\"https:\/\/superrocket.fr\/pro\"],\"url\":\"https:\/\/philippe-tallis.fr\/?author=1\"}]}<\/script>\n<!-- \/ Yoast SEO plugin. -->","yoast_head_json":{"title":"Portrait debout - Philippe Tallis %","description":"%","robots":{"index":"index","follow":"follow","max-snippet":"max-snippet:-1","max-image-preview":"max-image-preview:large","max-video-preview":"max-video-preview:-1"},"canonical":"https:\/\/philippe-tallis.fr\/?p=2248","og_locale":"fr_FR","og_type":"article","og_title":"Portrait debout - Philippe Tallis %","og_description":"%","og_url":"https:\/\/philippe-tallis.fr\/?p=2248","og_site_name":"Philippe Tallis","article_published_time":"2022-04-22T20:30:51+00:00","article_modified_time":"2022-11-18T13:40:39+00:00","og_image":[{"width":1920,"height":2560,"url":"https:\/\/philippe-tallis.fr\/wp-content\/uploads\/2022\/04\/Maartje_0642-scaled.jpg","type":"image\/jpeg"}],"author":"admin2022","twitter_card":"summary_large_image","twitter_misc":{"\u00c9crit par":"admin2022","Dur\u00e9e de lecture estim\u00e9e":"1 minute"},"schema":{"@context":"https:\/\/schema.org","@graph":[{"@type":"Article","@id":"https:\/\/philippe-tallis.fr\/?p=2248#article","isPartOf":{"@id":"https:\/\/philippe-tallis.fr\/?p=2248"},"author":{"name":"admin2022","@id":"https:\/\/philippe-tallis.fr\/#\/schema\/person\/8b21ff657c6fe65d5455558b9cf260c2"},"headline":"Portrait debout","datePublished":"2022-04-22T20:30:51+00:00","dateModified":"2022-11-18T13:40:39+00:00","mainEntityOfPage":{"@id":"https:\/\/philippe-tallis.fr\/?p=2248"},"wordCount":46,"publisher":{"@id":"https:\/\/philippe-tallis.fr\/#\/schema\/person\/8b21ff657c6fe65d5455558b9cf260c2"},"image":{"@id":"https:\/\/philippe-tallis.fr\/?p=2248#primaryimage"},"thumbnailUrl":"https:\/\/philippe-tallis.fr\/wp-content\/uploads\/2022\/04\/Maartje_0642-scaled.jpg","articleSection":["galerie : gens","galerie : sculptures","galeries","mati\u00e8res : pierre","pierre","Sculpture"],"inLanguage":"fr-FR"},{"@type":"WebPage","@id":"https:\/\/philippe-tallis.fr\/?p=2248","url":"https:\/\/philippe-tallis.fr\/?p=2248","name":"Portrait debout - Philippe Tallis %","isPartOf":{"@id":"https:\/\/philippe-tallis.fr\/#website"},"primaryImageOfPage":{"@id":"https:\/\/philippe-tallis.fr\/?p=2248#primaryimage"},"image":{"@id":"https:\/\/philippe-tallis.fr\/?p=2248#primaryimage"},"thumbnailUrl":"https:\/\/philippe-tallis.fr\/wp-content\/uploads\/2022\/04\/Maartje_0642-scaled.jpg","datePublished":"2022-04-22T20:30:51+00:00","dateModified":"2022-11-18T13:40:39+00:00","description":"%","breadcrumb":{"@id":"https:\/\/philippe-tallis.fr\/?p=2248#breadcrumb"},"inLanguage":"fr-FR","potentialAction":[{"@type":"ReadAction","target":["https:\/\/philippe-tallis.fr\/?p=2248"]}]},{"@type":"ImageObject","inLanguage":"fr-FR","@id":"https:\/\/philippe-tallis.fr\/?p=2248#primaryimage","url":"https:\/\/philippe-tallis.fr\/wp-content\/uploads\/2022\/04\/Maartje_0642-scaled.jpg","contentUrl":"https:\/\/philippe-tallis.fr\/wp-content\/uploads\/2022\/04\/Maartje_0642-scaled.jpg","width":1920,"height":2560,"caption":"Portrait debout"},{"@type":"BreadcrumbList","@id":"https:\/\/philippe-tallis.fr\/?p=2248#breadcrumb","itemListElement":[{"@type":"ListItem","position":1,"name":"Accueil","item":"https:\/\/philippe-tallis.fr\/"},{"@type":"ListItem","position":2,"name":"Portrait debout"}]},{"@type":"WebSite","@id":"https:\/\/philippe-tallis.fr\/#website","url":"https:\/\/philippe-tallis.fr\/","name":"Philippe Tallis","description":"Peintre - artiste - sculpteur","publisher":{"@id":"https:\/\/philippe-tallis.fr\/#\/schema\/person\/8b21ff657c6fe65d5455558b9cf260c2"},"potentialAction":[{"@type":"SearchAction","target":{"@type":"EntryPoint","urlTemplate":"https:\/\/philippe-tallis.fr\/?s={search_term_string}"},"query-input":{"@type":"PropertyValueSpecification","valueRequired":true,"valueName":"search_term_string"}}],"inLanguage":"fr-FR"},{"@type":["Person","Organization"],"@id":"https:\/\/philippe-tallis.fr\/#\/schema\/person\/8b21ff657c6fe65d5455558b9cf260c2","name":"admin2022","image":{"@type":"ImageObject","inLanguage":"fr-FR","@id":"https:\/\/philippe-tallis.fr\/#\/schema\/person\/image\/","url":"https:\/\/philippe-tallis.site\/wp-content\/uploads\/2021\/10\/cropped-logo_philippe_tallis_icon.png","contentUrl":"https:\/\/philippe-tallis.site\/wp-content\/uploads\/2021\/10\/cropped-logo_philippe_tallis_icon.png","width":512,"height":512,"caption":"admin2022"},"logo":{"@id":"https:\/\/philippe-tallis.fr\/#\/schema\/person\/image\/"},"sameAs":["https:\/\/superrocket.fr\/pro"],"url":"https:\/\/philippe-tallis.fr\/?author=1"}]}},"_links":{"self":[{"href":"https:\/\/philippe-tallis.fr\/index.php?rest_route=\/wp\/v2\/posts\/2248","targetHints":{"allow":["GET"]}}],"collection":[{"href":"https:\/\/philippe-tallis.fr\/index.php?rest_route=\/wp\/v2\/posts"}],"about":[{"href":"https:\/\/philippe-tallis.fr\/index.php?rest_route=\/wp\/v2\/types\/post"}],"author":[{"embeddable":true,"href":"https:\/\/philippe-tallis.fr\/index.php?rest_route=\/wp\/v2\/users\/1"}],"replies":[{"embeddable":true,"href":"https:\/\/philippe-tallis.fr\/index.php?rest_route=%2Fwp%2Fv2%2Fcomments&post=2248"}],"version-history":[{"count":3,"href":"https:\/\/philippe-tallis.fr\/index.php?rest_route=\/wp\/v2\/posts\/2248\/revisions"}],"predecessor-version":[{"id":2396,"href":"https:\/\/philippe-tallis.fr\/index.php?rest_route=\/wp\/v2\/posts\/2248\/revisions\/2396"}],"wp:featuredmedia":[{"embeddable":true,"href":"https:\/\/philippe-tallis.fr\/index.php?rest_route=\/wp\/v2\/media\/2165"}],"wp:attachment":[{"href":"https:\/\/philippe-tallis.fr\/index.php?rest_route=%2Fwp%2Fv2%2Fmedia&parent=2248"}],"wp:term":[{"taxonomy":"category","embeddable":true,"href":"https:\/\/philippe-tallis.fr\/index.php?rest_route=%2Fwp%2Fv2%2Fcategories&post=2248"},{"taxonomy":"post_tag","embeddable":true,"href":"https:\/\/philippe-tallis.fr\/index.php?rest_route=%2Fwp%2Fv2%2Ftags&post=2248"}],"curies":[{"name":"wp","href":"https:\/\/api.w.org\/{rel}","templated":true}]}}