{"id":2147,"date":"2022-04-19T08:13:56","date_gmt":"2022-04-19T08:13:56","guid":{"rendered":"https:\/\/philippe-tallis.fr\/?p=2147"},"modified":"2022-11-18T12:50:13","modified_gmt":"2022-11-18T12:50:13","slug":"devenir-expose-a-art-capital-2022-5","status":"publish","type":"post","link":"https:\/\/philippe-tallis.fr\/?p=2147","title":{"rendered":"\u00ab\u00a0Devenir Expos\u00e9\u00a0\u00bb \u00e0 ART CAPITAL, Grand Palais Eph\u00e9m\u00e8re, Paris 2022"},"content":{"rendered":"\n<div class=\"wp-block-cover is-light\" style=\"min-height:1032px;aspect-ratio:unset;\"><span aria-hidden=\"true\" class=\"wp-block-cover__background has-background-dim-10 has-background-dim\"><\/span><img loading=\"lazy\" decoding=\"async\" width=\"2560\" height=\"1709\" class=\"wp-block-cover__image-background wp-image-1918\" alt=\"\" src=\"https:\/\/philippe-tallis.fr\/wp-content\/uploads\/2022\/04\/17A685BE-6371-4F55-8989-2C2A6AFBC6E0-scaled.jpeg\" style=\"object-position:52% 62%\" data-object-fit=\"cover\" data-object-position=\"52% 62%\" srcset=\"https:\/\/philippe-tallis.fr\/wp-content\/uploads\/2022\/04\/17A685BE-6371-4F55-8989-2C2A6AFBC6E0-scaled.jpeg 2560w, https:\/\/philippe-tallis.fr\/wp-content\/uploads\/2022\/04\/17A685BE-6371-4F55-8989-2C2A6AFBC6E0-1280x855.jpeg 1280w, https:\/\/philippe-tallis.fr\/wp-content\/uploads\/2022\/04\/17A685BE-6371-4F55-8989-2C2A6AFBC6E0-980x654.jpeg 980w, https:\/\/philippe-tallis.fr\/wp-content\/uploads\/2022\/04\/17A685BE-6371-4F55-8989-2C2A6AFBC6E0-480x320.jpeg 480w\" sizes=\"auto, (min-width: 0px) and (max-width: 480px) 480px, (min-width: 481px) and (max-width: 980px) 980px, (min-width: 981px) and (max-width: 1280px) 1280px, (min-width: 1281px) 2560px, 100vw\" \/><div class=\"wp-block-cover__inner-container is-layout-flow wp-block-cover-is-layout-flow\">\n<p class=\"has-large-font-size\"><\/p>\n<\/div><\/div>\n\n\n\n<p>TITRE: DEVENIR EXPOSE<\/p>\n\n\n\n<p>DIMENSIONS:2,20m X 4,00m<\/p>\n\n\n\n<p>TECHNIQUE: Acrylique sur Toile<\/p>\n\n\n\n<p>DATES: 15 f\u00e9vrier 2022<\/p>\n\n\n\n<p>NOTES: \u00a0\u00bb Devenir Expos\u00e9\u00a0\u00bb soit une proposition peinture sur toile d&rsquo;apr\u00e8s mod\u00e8les spontan\u00e9s venant du public sur place cr\u00e9\u00e9e lors du vernissage le 15 f\u00e9vrier \u00ab\u00a0D&rsquo;Art Capital\u00a0\u00bb 2022, au Grand Palais Eph\u00e9m\u00e8re, Paris<\/p>\n\n\n\n<p>Devenir Expos\u00e9,<br>ou \u00ab\u00a0libre \u00e0 qui veut, pose\u00a0\u00bb, \u00ab\u00a0Rencontre mod\u00e8le impromptu\u00a0\u00bb,<br>15 f\u00e9vrier Art Capital , Grand Palais Eph\u00e9m\u00e8re, 2022<\/p>\n\n\n\n<p><\/p>\n","protected":false},"excerpt":{"rendered":"<p>TITRE: DEVENIR EXPOSE DIMENSIONS:2,20m X 4,00m TECHNIQUE: Acrylique sur Toile DATES: 15 f\u00e9vrier 2022 NOTES: \u00a0\u00bb Devenir Expos\u00e9\u00a0\u00bb soit une proposition peinture sur toile d&rsquo;apr\u00e8s mod\u00e8les spontan\u00e9s venant du public sur place cr\u00e9\u00e9e lors du vernissage le 15 f\u00e9vrier \u00ab\u00a0D&rsquo;Art Capital\u00a0\u00bb 2022, au Grand Palais Eph\u00e9m\u00e8re, Paris Devenir Expos\u00e9,ou \u00ab\u00a0libre \u00e0 qui veut, pose\u00a0\u00bb, \u00ab\u00a0Rencontre [&hellip;]<\/p>\n","protected":false},"author":1,"featured_media":2008,"comment_status":"closed","ping_status":"closed","sticky":false,"template":"","format":"standard","meta":{"_et_pb_use_builder":"off","_et_pb_old_content":"<!-- wp:image {\"id\":669,\"sizeSlug\":\"full\",\"linkDestination\":\"none\"} -->\n<figure class=\"wp-block-image size-full\"><img src=\"https:\/\/philippe-tallis.site\/wp-content\/uploads\/2021\/11\/4F4A34B8-F232-45B7-A367-A1524372EDBF_1_105_c.jpeg\" alt=\"\" class=\"wp-image-669\"\/><\/figure>\n<!-- \/wp:image -->\n\n<!-- wp:paragraph -->\n<p>TITRE: Bouquet de Girafffes<\/p>\n<!-- \/wp:paragraph -->\n\n<!-- wp:paragraph -->\n<p>DIMENSIONS: H 3,00m<\/p>\n<!-- \/wp:paragraph -->\n\n<!-- wp:paragraph -->\n<p>TECHNIQUE: Pierre M\u00e9tal<\/p>\n<!-- \/wp:paragraph -->\n\n<!-- wp:paragraph -->\n<p>DATES: 2021<\/p>\n<!-- \/wp:paragraph -->\n\n<!-- wp:paragraph -->\n<p>NOTES:<\/p>\n<!-- \/wp:paragraph -->","_et_gb_content_width":"2880","footnotes":""},"categories":[29,30,31,10],"tags":[],"class_list":["post-2147","post","type-post","status-publish","format-standard","has-post-thumbnail","hentry","category-gens","category-nus","category-rencontres","category-peinture-en-public"],"yoast_head":"<!-- This site is optimized with the Yoast SEO plugin v23.4 - https:\/\/yoast.com\/wordpress\/plugins\/seo\/ -->\n<title>&quot;Devenir Expos\u00e9&quot; \u00e0 ART CAPITAL, Grand Palais Eph\u00e9m\u00e8re, Paris 2022 - Philippe Tallis<\/title>\n<meta name=\"description\" content=\"&quot; Devenir Expos\u00e9&quot; soit une proposition peinture sur toile d&#039;apr\u00e8s mod\u00e8les spontan\u00e9s venant du public sur place cr\u00e9\u00e9e lors du vernissage le 15 f\u00e9vrier &quot;D&#039;Art Capital&quot; 2022, au Grand Palais Eph\u00e9m\u00e8re, Paris\" \/>\n<meta name=\"robots\" content=\"index, follow, max-snippet:-1, max-image-preview:large, max-video-preview:-1\" \/>\n<link rel=\"canonical\" href=\"https:\/\/philippe-tallis.fr\/?p=2147\" \/>\n<meta property=\"og:locale\" content=\"fr_FR\" \/>\n<meta property=\"og:type\" content=\"article\" \/>\n<meta property=\"og:title\" content=\"&quot;Devenir Expos\u00e9&quot; \u00e0 ART CAPITAL, Grand Palais Eph\u00e9m\u00e8re, Paris 2022 - Philippe Tallis\" \/>\n<meta property=\"og:description\" content=\"&quot; Devenir Expos\u00e9&quot; soit une proposition peinture sur toile d&#039;apr\u00e8s mod\u00e8les spontan\u00e9s venant du public sur place cr\u00e9\u00e9e lors du vernissage le 15 f\u00e9vrier &quot;D&#039;Art Capital&quot; 2022, au Grand Palais Eph\u00e9m\u00e8re, Paris\" \/>\n<meta property=\"og:url\" content=\"https:\/\/philippe-tallis.fr\/?p=2147\" \/>\n<meta property=\"og:site_name\" content=\"Philippe Tallis\" \/>\n<meta property=\"article:published_time\" content=\"2022-04-19T08:13:56+00:00\" \/>\n<meta property=\"article:modified_time\" content=\"2022-11-18T12:50:13+00:00\" \/>\n<meta property=\"og:image\" content=\"https:\/\/philippe-tallis.fr\/wp-content\/uploads\/2022\/04\/CB770725-B55A-453A-A98D-6359E925E84F_1_105_c.jpeg\" \/>\n\t<meta property=\"og:image:width\" content=\"665\" \/>\n\t<meta property=\"og:image:height\" content=\"1182\" \/>\n\t<meta property=\"og:image:type\" content=\"image\/jpeg\" \/>\n<meta name=\"author\" content=\"admin2022\" \/>\n<meta name=\"twitter:card\" content=\"summary_large_image\" \/>\n<meta name=\"twitter:label1\" content=\"\u00c9crit par\" \/>\n\t<meta name=\"twitter:data1\" content=\"admin2022\" \/>\n\t<meta name=\"twitter:label2\" content=\"Dur\u00e9e de lecture estim\u00e9e\" \/>\n\t<meta name=\"twitter:data2\" content=\"1 minute\" \/>\n<script type=\"application\/ld+json\" class=\"yoast-schema-graph\">{\"@context\":\"https:\/\/schema.org\",\"@graph\":[{\"@type\":\"Article\",\"@id\":\"https:\/\/philippe-tallis.fr\/?p=2147#article\",\"isPartOf\":{\"@id\":\"https:\/\/philippe-tallis.fr\/?p=2147\"},\"author\":{\"name\":\"admin2022\",\"@id\":\"https:\/\/philippe-tallis.fr\/#\/schema\/person\/8b21ff657c6fe65d5455558b9cf260c2\"},\"headline\":\"\u00ab\u00a0Devenir Expos\u00e9\u00a0\u00bb \u00e0 ART CAPITAL, Grand Palais Eph\u00e9m\u00e8re, Paris 2022\",\"datePublished\":\"2022-04-19T08:13:56+00:00\",\"dateModified\":\"2022-11-18T12:50:13+00:00\",\"mainEntityOfPage\":{\"@id\":\"https:\/\/philippe-tallis.fr\/?p=2147\"},\"wordCount\":83,\"publisher\":{\"@id\":\"https:\/\/philippe-tallis.fr\/#\/schema\/person\/8b21ff657c6fe65d5455558b9cf260c2\"},\"image\":{\"@id\":\"https:\/\/philippe-tallis.fr\/?p=2147#primaryimage\"},\"thumbnailUrl\":\"https:\/\/philippe-tallis.fr\/wp-content\/uploads\/2022\/04\/CB770725-B55A-453A-A98D-6359E925E84F_1_105_c.jpeg\",\"articleSection\":[\"galerie : gens\",\"galerie : nus\",\"galerie : rencontres\",\"peinture en public\"],\"inLanguage\":\"fr-FR\"},{\"@type\":\"WebPage\",\"@id\":\"https:\/\/philippe-tallis.fr\/?p=2147\",\"url\":\"https:\/\/philippe-tallis.fr\/?p=2147\",\"name\":\"\\\"Devenir Expos\u00e9\\\" \u00e0 ART CAPITAL, Grand Palais Eph\u00e9m\u00e8re, Paris 2022 - Philippe Tallis\",\"isPartOf\":{\"@id\":\"https:\/\/philippe-tallis.fr\/#website\"},\"primaryImageOfPage\":{\"@id\":\"https:\/\/philippe-tallis.fr\/?p=2147#primaryimage\"},\"image\":{\"@id\":\"https:\/\/philippe-tallis.fr\/?p=2147#primaryimage\"},\"thumbnailUrl\":\"https:\/\/philippe-tallis.fr\/wp-content\/uploads\/2022\/04\/CB770725-B55A-453A-A98D-6359E925E84F_1_105_c.jpeg\",\"datePublished\":\"2022-04-19T08:13:56+00:00\",\"dateModified\":\"2022-11-18T12:50:13+00:00\",\"description\":\"\\\" Devenir Expos\u00e9\\\" soit une proposition peinture sur toile d'apr\u00e8s mod\u00e8les spontan\u00e9s venant du public sur place cr\u00e9\u00e9e lors du vernissage le 15 f\u00e9vrier \\\"D'Art Capital\\\" 2022, au Grand Palais Eph\u00e9m\u00e8re, Paris\",\"breadcrumb\":{\"@id\":\"https:\/\/philippe-tallis.fr\/?p=2147#breadcrumb\"},\"inLanguage\":\"fr-FR\",\"potentialAction\":[{\"@type\":\"ReadAction\",\"target\":[\"https:\/\/philippe-tallis.fr\/?p=2147\"]}]},{\"@type\":\"ImageObject\",\"inLanguage\":\"fr-FR\",\"@id\":\"https:\/\/philippe-tallis.fr\/?p=2147#primaryimage\",\"url\":\"https:\/\/philippe-tallis.fr\/wp-content\/uploads\/2022\/04\/CB770725-B55A-453A-A98D-6359E925E84F_1_105_c.jpeg\",\"contentUrl\":\"https:\/\/philippe-tallis.fr\/wp-content\/uploads\/2022\/04\/CB770725-B55A-453A-A98D-6359E925E84F_1_105_c.jpeg\",\"width\":665,\"height\":1182,\"caption\":\"Devenir Expos\u00e9, \\\"Rencontre mod\u00e8le impromptu\\\", 15 f\u00e9vrier Art Capital , Grand Palais Eph\u00e9m\u00e8re, 2022\"},{\"@type\":\"BreadcrumbList\",\"@id\":\"https:\/\/philippe-tallis.fr\/?p=2147#breadcrumb\",\"itemListElement\":[{\"@type\":\"ListItem\",\"position\":1,\"name\":\"Accueil\",\"item\":\"https:\/\/philippe-tallis.fr\/\"},{\"@type\":\"ListItem\",\"position\":2,\"name\":\"\u00ab\u00a0Devenir Expos\u00e9\u00a0\u00bb \u00e0 ART CAPITAL, Grand Palais Eph\u00e9m\u00e8re, Paris 2022\"}]},{\"@type\":\"WebSite\",\"@id\":\"https:\/\/philippe-tallis.fr\/#website\",\"url\":\"https:\/\/philippe-tallis.fr\/\",\"name\":\"Philippe Tallis\",\"description\":\"Peintre - artiste - sculpteur\",\"publisher\":{\"@id\":\"https:\/\/philippe-tallis.fr\/#\/schema\/person\/8b21ff657c6fe65d5455558b9cf260c2\"},\"potentialAction\":[{\"@type\":\"SearchAction\",\"target\":{\"@type\":\"EntryPoint\",\"urlTemplate\":\"https:\/\/philippe-tallis.fr\/?s={search_term_string}\"},\"query-input\":{\"@type\":\"PropertyValueSpecification\",\"valueRequired\":true,\"valueName\":\"search_term_string\"}}],\"inLanguage\":\"fr-FR\"},{\"@type\":[\"Person\",\"Organization\"],\"@id\":\"https:\/\/philippe-tallis.fr\/#\/schema\/person\/8b21ff657c6fe65d5455558b9cf260c2\",\"name\":\"admin2022\",\"image\":{\"@type\":\"ImageObject\",\"inLanguage\":\"fr-FR\",\"@id\":\"https:\/\/philippe-tallis.fr\/#\/schema\/person\/image\/\",\"url\":\"https:\/\/philippe-tallis.site\/wp-content\/uploads\/2021\/10\/cropped-logo_philippe_tallis_icon.png\",\"contentUrl\":\"https:\/\/philippe-tallis.site\/wp-content\/uploads\/2021\/10\/cropped-logo_philippe_tallis_icon.png\",\"width\":512,\"height\":512,\"caption\":\"admin2022\"},\"logo\":{\"@id\":\"https:\/\/philippe-tallis.fr\/#\/schema\/person\/image\/\"},\"sameAs\":[\"https:\/\/superrocket.fr\/pro\"],\"url\":\"https:\/\/philippe-tallis.fr\/?author=1\"}]}<\/script>\n<!-- \/ Yoast SEO plugin. -->","yoast_head_json":{"title":"\"Devenir Expos\u00e9\" \u00e0 ART CAPITAL, Grand Palais Eph\u00e9m\u00e8re, Paris 2022 - Philippe Tallis","description":"\" Devenir Expos\u00e9\" soit une proposition peinture sur toile d'apr\u00e8s mod\u00e8les spontan\u00e9s venant du public sur place cr\u00e9\u00e9e lors du vernissage le 15 f\u00e9vrier \"D'Art Capital\" 2022, au Grand Palais Eph\u00e9m\u00e8re, Paris","robots":{"index":"index","follow":"follow","max-snippet":"max-snippet:-1","max-image-preview":"max-image-preview:large","max-video-preview":"max-video-preview:-1"},"canonical":"https:\/\/philippe-tallis.fr\/?p=2147","og_locale":"fr_FR","og_type":"article","og_title":"\"Devenir Expos\u00e9\" \u00e0 ART CAPITAL, Grand Palais Eph\u00e9m\u00e8re, Paris 2022 - Philippe Tallis","og_description":"\" Devenir Expos\u00e9\" soit une proposition peinture sur toile d'apr\u00e8s mod\u00e8les spontan\u00e9s venant du public sur place cr\u00e9\u00e9e lors du vernissage le 15 f\u00e9vrier \"D'Art Capital\" 2022, au Grand Palais Eph\u00e9m\u00e8re, Paris","og_url":"https:\/\/philippe-tallis.fr\/?p=2147","og_site_name":"Philippe Tallis","article_published_time":"2022-04-19T08:13:56+00:00","article_modified_time":"2022-11-18T12:50:13+00:00","og_image":[{"width":665,"height":1182,"url":"https:\/\/philippe-tallis.fr\/wp-content\/uploads\/2022\/04\/CB770725-B55A-453A-A98D-6359E925E84F_1_105_c.jpeg","type":"image\/jpeg"}],"author":"admin2022","twitter_card":"summary_large_image","twitter_misc":{"\u00c9crit par":"admin2022","Dur\u00e9e de lecture estim\u00e9e":"1 minute"},"schema":{"@context":"https:\/\/schema.org","@graph":[{"@type":"Article","@id":"https:\/\/philippe-tallis.fr\/?p=2147#article","isPartOf":{"@id":"https:\/\/philippe-tallis.fr\/?p=2147"},"author":{"name":"admin2022","@id":"https:\/\/philippe-tallis.fr\/#\/schema\/person\/8b21ff657c6fe65d5455558b9cf260c2"},"headline":"\u00ab\u00a0Devenir Expos\u00e9\u00a0\u00bb \u00e0 ART CAPITAL, Grand Palais Eph\u00e9m\u00e8re, Paris 2022","datePublished":"2022-04-19T08:13:56+00:00","dateModified":"2022-11-18T12:50:13+00:00","mainEntityOfPage":{"@id":"https:\/\/philippe-tallis.fr\/?p=2147"},"wordCount":83,"publisher":{"@id":"https:\/\/philippe-tallis.fr\/#\/schema\/person\/8b21ff657c6fe65d5455558b9cf260c2"},"image":{"@id":"https:\/\/philippe-tallis.fr\/?p=2147#primaryimage"},"thumbnailUrl":"https:\/\/philippe-tallis.fr\/wp-content\/uploads\/2022\/04\/CB770725-B55A-453A-A98D-6359E925E84F_1_105_c.jpeg","articleSection":["galerie : gens","galerie : nus","galerie : rencontres","peinture en public"],"inLanguage":"fr-FR"},{"@type":"WebPage","@id":"https:\/\/philippe-tallis.fr\/?p=2147","url":"https:\/\/philippe-tallis.fr\/?p=2147","name":"\"Devenir Expos\u00e9\" \u00e0 ART CAPITAL, Grand Palais Eph\u00e9m\u00e8re, Paris 2022 - Philippe Tallis","isPartOf":{"@id":"https:\/\/philippe-tallis.fr\/#website"},"primaryImageOfPage":{"@id":"https:\/\/philippe-tallis.fr\/?p=2147#primaryimage"},"image":{"@id":"https:\/\/philippe-tallis.fr\/?p=2147#primaryimage"},"thumbnailUrl":"https:\/\/philippe-tallis.fr\/wp-content\/uploads\/2022\/04\/CB770725-B55A-453A-A98D-6359E925E84F_1_105_c.jpeg","datePublished":"2022-04-19T08:13:56+00:00","dateModified":"2022-11-18T12:50:13+00:00","description":"\" Devenir Expos\u00e9\" soit une proposition peinture sur toile d'apr\u00e8s mod\u00e8les spontan\u00e9s venant du public sur place cr\u00e9\u00e9e lors du vernissage le 15 f\u00e9vrier \"D'Art Capital\" 2022, au Grand Palais Eph\u00e9m\u00e8re, Paris","breadcrumb":{"@id":"https:\/\/philippe-tallis.fr\/?p=2147#breadcrumb"},"inLanguage":"fr-FR","potentialAction":[{"@type":"ReadAction","target":["https:\/\/philippe-tallis.fr\/?p=2147"]}]},{"@type":"ImageObject","inLanguage":"fr-FR","@id":"https:\/\/philippe-tallis.fr\/?p=2147#primaryimage","url":"https:\/\/philippe-tallis.fr\/wp-content\/uploads\/2022\/04\/CB770725-B55A-453A-A98D-6359E925E84F_1_105_c.jpeg","contentUrl":"https:\/\/philippe-tallis.fr\/wp-content\/uploads\/2022\/04\/CB770725-B55A-453A-A98D-6359E925E84F_1_105_c.jpeg","width":665,"height":1182,"caption":"Devenir Expos\u00e9, \"Rencontre mod\u00e8le impromptu\", 15 f\u00e9vrier Art Capital , Grand Palais Eph\u00e9m\u00e8re, 2022"},{"@type":"BreadcrumbList","@id":"https:\/\/philippe-tallis.fr\/?p=2147#breadcrumb","itemListElement":[{"@type":"ListItem","position":1,"name":"Accueil","item":"https:\/\/philippe-tallis.fr\/"},{"@type":"ListItem","position":2,"name":"\u00ab\u00a0Devenir Expos\u00e9\u00a0\u00bb \u00e0 ART CAPITAL, Grand Palais Eph\u00e9m\u00e8re, Paris 2022"}]},{"@type":"WebSite","@id":"https:\/\/philippe-tallis.fr\/#website","url":"https:\/\/philippe-tallis.fr\/","name":"Philippe Tallis","description":"Peintre - artiste - sculpteur","publisher":{"@id":"https:\/\/philippe-tallis.fr\/#\/schema\/person\/8b21ff657c6fe65d5455558b9cf260c2"},"potentialAction":[{"@type":"SearchAction","target":{"@type":"EntryPoint","urlTemplate":"https:\/\/philippe-tallis.fr\/?s={search_term_string}"},"query-input":{"@type":"PropertyValueSpecification","valueRequired":true,"valueName":"search_term_string"}}],"inLanguage":"fr-FR"},{"@type":["Person","Organization"],"@id":"https:\/\/philippe-tallis.fr\/#\/schema\/person\/8b21ff657c6fe65d5455558b9cf260c2","name":"admin2022","image":{"@type":"ImageObject","inLanguage":"fr-FR","@id":"https:\/\/philippe-tallis.fr\/#\/schema\/person\/image\/","url":"https:\/\/philippe-tallis.site\/wp-content\/uploads\/2021\/10\/cropped-logo_philippe_tallis_icon.png","contentUrl":"https:\/\/philippe-tallis.site\/wp-content\/uploads\/2021\/10\/cropped-logo_philippe_tallis_icon.png","width":512,"height":512,"caption":"admin2022"},"logo":{"@id":"https:\/\/philippe-tallis.fr\/#\/schema\/person\/image\/"},"sameAs":["https:\/\/superrocket.fr\/pro"],"url":"https:\/\/philippe-tallis.fr\/?author=1"}]}},"_links":{"self":[{"href":"https:\/\/philippe-tallis.fr\/index.php?rest_route=\/wp\/v2\/posts\/2147","targetHints":{"allow":["GET"]}}],"collection":[{"href":"https:\/\/philippe-tallis.fr\/index.php?rest_route=\/wp\/v2\/posts"}],"about":[{"href":"https:\/\/philippe-tallis.fr\/index.php?rest_route=\/wp\/v2\/types\/post"}],"author":[{"embeddable":true,"href":"https:\/\/philippe-tallis.fr\/index.php?rest_route=\/wp\/v2\/users\/1"}],"replies":[{"embeddable":true,"href":"https:\/\/philippe-tallis.fr\/index.php?rest_route=%2Fwp%2Fv2%2Fcomments&post=2147"}],"version-history":[{"count":3,"href":"https:\/\/philippe-tallis.fr\/index.php?rest_route=\/wp\/v2\/posts\/2147\/revisions"}],"predecessor-version":[{"id":2382,"href":"https:\/\/philippe-tallis.fr\/index.php?rest_route=\/wp\/v2\/posts\/2147\/revisions\/2382"}],"wp:featuredmedia":[{"embeddable":true,"href":"https:\/\/philippe-tallis.fr\/index.php?rest_route=\/wp\/v2\/media\/2008"}],"wp:attachment":[{"href":"https:\/\/philippe-tallis.fr\/index.php?rest_route=%2Fwp%2Fv2%2Fmedia&parent=2147"}],"wp:term":[{"taxonomy":"category","embeddable":true,"href":"https:\/\/philippe-tallis.fr\/index.php?rest_route=%2Fwp%2Fv2%2Fcategories&post=2147"},{"taxonomy":"post_tag","embeddable":true,"href":"https:\/\/philippe-tallis.fr\/index.php?rest_route=%2Fwp%2Fv2%2Ftags&post=2147"}],"curies":[{"name":"wp","href":"https:\/\/api.w.org\/{rel}","templated":true}]}}