{"id":1331,"date":"2021-11-16T14:11:33","date_gmt":"2021-11-16T14:11:33","guid":{"rendered":"https:\/\/philippe-tallis.site\/?p=1331"},"modified":"2022-11-18T15:24:57","modified_gmt":"2022-11-18T15:24:57","slug":"les-sternes","status":"publish","type":"post","link":"https:\/\/philippe-tallis.fr\/?p=1331","title":{"rendered":"Les Sternes"},"content":{"rendered":"\n<figure class=\"wp-block-image size-large\"><img loading=\"lazy\" decoding=\"async\" width=\"1016\" height=\"1024\" src=\"https:\/\/philippe-tallis.site\/wp-content\/uploads\/2021\/11\/DSCN0172-e1637071184730-1016x1024.jpg\" alt=\"\" class=\"wp-image-1393\" srcset=\"https:\/\/philippe-tallis.fr\/wp-content\/uploads\/2021\/11\/DSCN0172-e1637071184730-1016x1024.jpg 1016w, https:\/\/philippe-tallis.fr\/wp-content\/uploads\/2021\/11\/DSCN0172-e1637071184730-298x300.jpg 298w, https:\/\/philippe-tallis.fr\/wp-content\/uploads\/2021\/11\/DSCN0172-e1637071184730-150x150.jpg 150w, https:\/\/philippe-tallis.fr\/wp-content\/uploads\/2021\/11\/DSCN0172-e1637071184730-768x774.jpg 768w, https:\/\/philippe-tallis.fr\/wp-content\/uploads\/2021\/11\/DSCN0172-e1637071184730-1525x1536.jpg 1525w, https:\/\/philippe-tallis.fr\/wp-content\/uploads\/2021\/11\/DSCN0172-e1637071184730-1080x1088.jpg 1080w, https:\/\/philippe-tallis.fr\/wp-content\/uploads\/2021\/11\/DSCN0172-e1637071184730.jpg 1756w\" sizes=\"auto, (max-width: 1016px) 100vw, 1016px\" \/><\/figure>\n\n\n\n<p>TITRE: Les Sternes<\/p>\n\n\n\n<p>DIMENSIONS: 20cm X 20cm<\/p>\n\n\n\n<p>TECHNIQUE: Acrylique sur Toile<\/p>\n\n\n\n<p>DATES: 2006<\/p>\n\n\n\n<p>NOTES: La toile Les Sternes, a \u00e9t\u00e9 peinte sur site d&rsquo;apr\u00e8s les sternes observ\u00e9s sur c\u00e9lestron dans un projet avec le groupe ornithologique des Deux S\u00e8vre dirig\u00e9 par Alain en 2005<\/p>\n","protected":false},"excerpt":{"rendered":"<p>TITRE: Les Sternes DIMENSIONS: 20cm X 20cm TECHNIQUE: Acrylique sur Toile DATES: 2006 NOTES: La toile Les Sternes, a \u00e9t\u00e9 peinte sur site d&rsquo;apr\u00e8s les sternes observ\u00e9s sur c\u00e9lestron dans un projet avec le groupe ornithologique des Deux S\u00e8vre dirig\u00e9 par Alain en 2005<\/p>\n","protected":false},"author":2,"featured_media":1393,"comment_status":"closed","ping_status":"closed","sticky":false,"template":"","format":"standard","meta":{"_et_pb_use_builder":"off","_et_pb_old_content":"<!-- wp:image {\"id\":669,\"sizeSlug\":\"full\",\"linkDestination\":\"none\"} -->\n<figure class=\"wp-block-image size-full\"><img src=\"https:\/\/philippe-tallis.site\/wp-content\/uploads\/2021\/11\/4F4A34B8-F232-45B7-A367-A1524372EDBF_1_105_c.jpeg\" alt=\"\" class=\"wp-image-669\"\/><\/figure>\n<!-- \/wp:image -->\n\n<!-- wp:paragraph -->\n<p>TITRE: Bouquet de Girafffes<\/p>\n<!-- \/wp:paragraph -->\n\n<!-- wp:paragraph -->\n<p>DIMENSIONS: H 3,00m<\/p>\n<!-- \/wp:paragraph -->\n\n<!-- wp:paragraph -->\n<p>TECHNIQUE: Pierre M\u00e9tal<\/p>\n<!-- \/wp:paragraph -->\n\n<!-- wp:paragraph -->\n<p>DATES: 2021<\/p>\n<!-- \/wp:paragraph -->\n\n<!-- wp:paragraph -->\n<p>NOTES:<\/p>\n<!-- \/wp:paragraph -->","_et_gb_content_width":"2880","footnotes":""},"categories":[28,27,5],"tags":[],"class_list":["post-1331","post","type-post","status-publish","format-standard","has-post-thumbnail","hentry","category-animaux","category-galeries","category-peinture"],"yoast_head":"<!-- This site is optimized with the Yoast SEO plugin v23.4 - https:\/\/yoast.com\/wordpress\/plugins\/seo\/ -->\n<title>Les Sternes - Philippe Tallis<\/title>\n<meta name=\"robots\" content=\"index, follow, max-snippet:-1, max-image-preview:large, max-video-preview:-1\" \/>\n<link rel=\"canonical\" href=\"https:\/\/philippe-tallis.fr\/?p=1331\" \/>\n<meta property=\"og:locale\" content=\"fr_FR\" \/>\n<meta property=\"og:type\" content=\"article\" \/>\n<meta property=\"og:title\" content=\"Les Sternes - Philippe Tallis\" \/>\n<meta property=\"og:description\" content=\"TITRE: Les Sternes DIMENSIONS: 20cm X 20cm TECHNIQUE: Acrylique sur Toile DATES: 2006 NOTES: La toile Les Sternes, a \u00e9t\u00e9 peinte sur site d&rsquo;apr\u00e8s les sternes observ\u00e9s sur c\u00e9lestron dans un projet avec le groupe ornithologique des Deux S\u00e8vre dirig\u00e9 par Alain en 2005\" \/>\n<meta property=\"og:url\" content=\"https:\/\/philippe-tallis.fr\/?p=1331\" \/>\n<meta property=\"og:site_name\" content=\"Philippe Tallis\" \/>\n<meta property=\"article:published_time\" content=\"2021-11-16T14:11:33+00:00\" \/>\n<meta property=\"article:modified_time\" content=\"2022-11-18T15:24:57+00:00\" \/>\n<meta property=\"og:image\" content=\"https:\/\/philippe-tallis.fr\/wp-content\/uploads\/2021\/11\/DSCN0172-e1637071184730.jpg\" \/>\n\t<meta property=\"og:image:width\" content=\"1756\" \/>\n\t<meta property=\"og:image:height\" content=\"1769\" \/>\n\t<meta property=\"og:image:type\" content=\"image\/jpeg\" \/>\n<meta name=\"author\" content=\"philippeTallis\" \/>\n<meta name=\"twitter:card\" content=\"summary_large_image\" \/>\n<meta name=\"twitter:label1\" content=\"\u00c9crit par\" \/>\n\t<meta name=\"twitter:data1\" content=\"philippeTallis\" \/>\n\t<meta name=\"twitter:label2\" content=\"Dur\u00e9e de lecture estim\u00e9e\" \/>\n\t<meta name=\"twitter:data2\" content=\"1 minute\" \/>\n<script type=\"application\/ld+json\" class=\"yoast-schema-graph\">{\"@context\":\"https:\/\/schema.org\",\"@graph\":[{\"@type\":\"Article\",\"@id\":\"https:\/\/philippe-tallis.fr\/?p=1331#article\",\"isPartOf\":{\"@id\":\"https:\/\/philippe-tallis.fr\/?p=1331\"},\"author\":{\"name\":\"philippeTallis\",\"@id\":\"https:\/\/philippe-tallis.fr\/#\/schema\/person\/81dc3e28768dc674097832ee6d328f8e\"},\"headline\":\"Les Sternes\",\"datePublished\":\"2021-11-16T14:11:33+00:00\",\"dateModified\":\"2022-11-18T15:24:57+00:00\",\"mainEntityOfPage\":{\"@id\":\"https:\/\/philippe-tallis.fr\/?p=1331\"},\"wordCount\":49,\"publisher\":{\"@id\":\"https:\/\/philippe-tallis.fr\/#\/schema\/person\/8b21ff657c6fe65d5455558b9cf260c2\"},\"image\":{\"@id\":\"https:\/\/philippe-tallis.fr\/?p=1331#primaryimage\"},\"thumbnailUrl\":\"https:\/\/philippe-tallis.fr\/wp-content\/uploads\/2021\/11\/DSCN0172-e1637071184730.jpg\",\"articleSection\":[\"galerie : animaux\",\"galeries\",\"Peinture\"],\"inLanguage\":\"fr-FR\"},{\"@type\":\"WebPage\",\"@id\":\"https:\/\/philippe-tallis.fr\/?p=1331\",\"url\":\"https:\/\/philippe-tallis.fr\/?p=1331\",\"name\":\"Les Sternes - Philippe Tallis\",\"isPartOf\":{\"@id\":\"https:\/\/philippe-tallis.fr\/#website\"},\"primaryImageOfPage\":{\"@id\":\"https:\/\/philippe-tallis.fr\/?p=1331#primaryimage\"},\"image\":{\"@id\":\"https:\/\/philippe-tallis.fr\/?p=1331#primaryimage\"},\"thumbnailUrl\":\"https:\/\/philippe-tallis.fr\/wp-content\/uploads\/2021\/11\/DSCN0172-e1637071184730.jpg\",\"datePublished\":\"2021-11-16T14:11:33+00:00\",\"dateModified\":\"2022-11-18T15:24:57+00:00\",\"breadcrumb\":{\"@id\":\"https:\/\/philippe-tallis.fr\/?p=1331#breadcrumb\"},\"inLanguage\":\"fr-FR\",\"potentialAction\":[{\"@type\":\"ReadAction\",\"target\":[\"https:\/\/philippe-tallis.fr\/?p=1331\"]}]},{\"@type\":\"ImageObject\",\"inLanguage\":\"fr-FR\",\"@id\":\"https:\/\/philippe-tallis.fr\/?p=1331#primaryimage\",\"url\":\"https:\/\/philippe-tallis.fr\/wp-content\/uploads\/2021\/11\/DSCN0172-e1637071184730.jpg\",\"contentUrl\":\"https:\/\/philippe-tallis.fr\/wp-content\/uploads\/2021\/11\/DSCN0172-e1637071184730.jpg\",\"width\":1756,\"height\":1769},{\"@type\":\"BreadcrumbList\",\"@id\":\"https:\/\/philippe-tallis.fr\/?p=1331#breadcrumb\",\"itemListElement\":[{\"@type\":\"ListItem\",\"position\":1,\"name\":\"Accueil\",\"item\":\"https:\/\/philippe-tallis.fr\/\"},{\"@type\":\"ListItem\",\"position\":2,\"name\":\"Les Sternes\"}]},{\"@type\":\"WebSite\",\"@id\":\"https:\/\/philippe-tallis.fr\/#website\",\"url\":\"https:\/\/philippe-tallis.fr\/\",\"name\":\"Philippe Tallis\",\"description\":\"Peintre - artiste - sculpteur\",\"publisher\":{\"@id\":\"https:\/\/philippe-tallis.fr\/#\/schema\/person\/8b21ff657c6fe65d5455558b9cf260c2\"},\"potentialAction\":[{\"@type\":\"SearchAction\",\"target\":{\"@type\":\"EntryPoint\",\"urlTemplate\":\"https:\/\/philippe-tallis.fr\/?s={search_term_string}\"},\"query-input\":{\"@type\":\"PropertyValueSpecification\",\"valueRequired\":true,\"valueName\":\"search_term_string\"}}],\"inLanguage\":\"fr-FR\"},{\"@type\":[\"Person\",\"Organization\"],\"@id\":\"https:\/\/philippe-tallis.fr\/#\/schema\/person\/8b21ff657c6fe65d5455558b9cf260c2\",\"name\":\"admin2022\",\"image\":{\"@type\":\"ImageObject\",\"inLanguage\":\"fr-FR\",\"@id\":\"https:\/\/philippe-tallis.fr\/#\/schema\/person\/image\/\",\"url\":\"https:\/\/philippe-tallis.site\/wp-content\/uploads\/2021\/10\/cropped-logo_philippe_tallis_icon.png\",\"contentUrl\":\"https:\/\/philippe-tallis.site\/wp-content\/uploads\/2021\/10\/cropped-logo_philippe_tallis_icon.png\",\"width\":512,\"height\":512,\"caption\":\"admin2022\"},\"logo\":{\"@id\":\"https:\/\/philippe-tallis.fr\/#\/schema\/person\/image\/\"},\"sameAs\":[\"https:\/\/superrocket.fr\/pro\"]},{\"@type\":\"Person\",\"@id\":\"https:\/\/philippe-tallis.fr\/#\/schema\/person\/81dc3e28768dc674097832ee6d328f8e\",\"name\":\"philippeTallis\",\"url\":\"https:\/\/philippe-tallis.fr\/?author=2\"}]}<\/script>\n<!-- \/ Yoast SEO plugin. -->","yoast_head_json":{"title":"Les Sternes - Philippe Tallis","robots":{"index":"index","follow":"follow","max-snippet":"max-snippet:-1","max-image-preview":"max-image-preview:large","max-video-preview":"max-video-preview:-1"},"canonical":"https:\/\/philippe-tallis.fr\/?p=1331","og_locale":"fr_FR","og_type":"article","og_title":"Les Sternes - Philippe Tallis","og_description":"TITRE: Les Sternes DIMENSIONS: 20cm X 20cm TECHNIQUE: Acrylique sur Toile DATES: 2006 NOTES: La toile Les Sternes, a \u00e9t\u00e9 peinte sur site d&rsquo;apr\u00e8s les sternes observ\u00e9s sur c\u00e9lestron dans un projet avec le groupe ornithologique des Deux S\u00e8vre dirig\u00e9 par Alain en 2005","og_url":"https:\/\/philippe-tallis.fr\/?p=1331","og_site_name":"Philippe Tallis","article_published_time":"2021-11-16T14:11:33+00:00","article_modified_time":"2022-11-18T15:24:57+00:00","og_image":[{"width":1756,"height":1769,"url":"https:\/\/philippe-tallis.fr\/wp-content\/uploads\/2021\/11\/DSCN0172-e1637071184730.jpg","type":"image\/jpeg"}],"author":"philippeTallis","twitter_card":"summary_large_image","twitter_misc":{"\u00c9crit par":"philippeTallis","Dur\u00e9e de lecture estim\u00e9e":"1 minute"},"schema":{"@context":"https:\/\/schema.org","@graph":[{"@type":"Article","@id":"https:\/\/philippe-tallis.fr\/?p=1331#article","isPartOf":{"@id":"https:\/\/philippe-tallis.fr\/?p=1331"},"author":{"name":"philippeTallis","@id":"https:\/\/philippe-tallis.fr\/#\/schema\/person\/81dc3e28768dc674097832ee6d328f8e"},"headline":"Les Sternes","datePublished":"2021-11-16T14:11:33+00:00","dateModified":"2022-11-18T15:24:57+00:00","mainEntityOfPage":{"@id":"https:\/\/philippe-tallis.fr\/?p=1331"},"wordCount":49,"publisher":{"@id":"https:\/\/philippe-tallis.fr\/#\/schema\/person\/8b21ff657c6fe65d5455558b9cf260c2"},"image":{"@id":"https:\/\/philippe-tallis.fr\/?p=1331#primaryimage"},"thumbnailUrl":"https:\/\/philippe-tallis.fr\/wp-content\/uploads\/2021\/11\/DSCN0172-e1637071184730.jpg","articleSection":["galerie : animaux","galeries","Peinture"],"inLanguage":"fr-FR"},{"@type":"WebPage","@id":"https:\/\/philippe-tallis.fr\/?p=1331","url":"https:\/\/philippe-tallis.fr\/?p=1331","name":"Les Sternes - Philippe Tallis","isPartOf":{"@id":"https:\/\/philippe-tallis.fr\/#website"},"primaryImageOfPage":{"@id":"https:\/\/philippe-tallis.fr\/?p=1331#primaryimage"},"image":{"@id":"https:\/\/philippe-tallis.fr\/?p=1331#primaryimage"},"thumbnailUrl":"https:\/\/philippe-tallis.fr\/wp-content\/uploads\/2021\/11\/DSCN0172-e1637071184730.jpg","datePublished":"2021-11-16T14:11:33+00:00","dateModified":"2022-11-18T15:24:57+00:00","breadcrumb":{"@id":"https:\/\/philippe-tallis.fr\/?p=1331#breadcrumb"},"inLanguage":"fr-FR","potentialAction":[{"@type":"ReadAction","target":["https:\/\/philippe-tallis.fr\/?p=1331"]}]},{"@type":"ImageObject","inLanguage":"fr-FR","@id":"https:\/\/philippe-tallis.fr\/?p=1331#primaryimage","url":"https:\/\/philippe-tallis.fr\/wp-content\/uploads\/2021\/11\/DSCN0172-e1637071184730.jpg","contentUrl":"https:\/\/philippe-tallis.fr\/wp-content\/uploads\/2021\/11\/DSCN0172-e1637071184730.jpg","width":1756,"height":1769},{"@type":"BreadcrumbList","@id":"https:\/\/philippe-tallis.fr\/?p=1331#breadcrumb","itemListElement":[{"@type":"ListItem","position":1,"name":"Accueil","item":"https:\/\/philippe-tallis.fr\/"},{"@type":"ListItem","position":2,"name":"Les Sternes"}]},{"@type":"WebSite","@id":"https:\/\/philippe-tallis.fr\/#website","url":"https:\/\/philippe-tallis.fr\/","name":"Philippe Tallis","description":"Peintre - artiste - sculpteur","publisher":{"@id":"https:\/\/philippe-tallis.fr\/#\/schema\/person\/8b21ff657c6fe65d5455558b9cf260c2"},"potentialAction":[{"@type":"SearchAction","target":{"@type":"EntryPoint","urlTemplate":"https:\/\/philippe-tallis.fr\/?s={search_term_string}"},"query-input":{"@type":"PropertyValueSpecification","valueRequired":true,"valueName":"search_term_string"}}],"inLanguage":"fr-FR"},{"@type":["Person","Organization"],"@id":"https:\/\/philippe-tallis.fr\/#\/schema\/person\/8b21ff657c6fe65d5455558b9cf260c2","name":"admin2022","image":{"@type":"ImageObject","inLanguage":"fr-FR","@id":"https:\/\/philippe-tallis.fr\/#\/schema\/person\/image\/","url":"https:\/\/philippe-tallis.site\/wp-content\/uploads\/2021\/10\/cropped-logo_philippe_tallis_icon.png","contentUrl":"https:\/\/philippe-tallis.site\/wp-content\/uploads\/2021\/10\/cropped-logo_philippe_tallis_icon.png","width":512,"height":512,"caption":"admin2022"},"logo":{"@id":"https:\/\/philippe-tallis.fr\/#\/schema\/person\/image\/"},"sameAs":["https:\/\/superrocket.fr\/pro"]},{"@type":"Person","@id":"https:\/\/philippe-tallis.fr\/#\/schema\/person\/81dc3e28768dc674097832ee6d328f8e","name":"philippeTallis","url":"https:\/\/philippe-tallis.fr\/?author=2"}]}},"_links":{"self":[{"href":"https:\/\/philippe-tallis.fr\/index.php?rest_route=\/wp\/v2\/posts\/1331","targetHints":{"allow":["GET"]}}],"collection":[{"href":"https:\/\/philippe-tallis.fr\/index.php?rest_route=\/wp\/v2\/posts"}],"about":[{"href":"https:\/\/philippe-tallis.fr\/index.php?rest_route=\/wp\/v2\/types\/post"}],"author":[{"embeddable":true,"href":"https:\/\/philippe-tallis.fr\/index.php?rest_route=\/wp\/v2\/users\/2"}],"replies":[{"embeddable":true,"href":"https:\/\/philippe-tallis.fr\/index.php?rest_route=%2Fwp%2Fv2%2Fcomments&post=1331"}],"version-history":[{"count":1,"href":"https:\/\/philippe-tallis.fr\/index.php?rest_route=\/wp\/v2\/posts\/1331\/revisions"}],"predecessor-version":[{"id":1394,"href":"https:\/\/philippe-tallis.fr\/index.php?rest_route=\/wp\/v2\/posts\/1331\/revisions\/1394"}],"wp:featuredmedia":[{"embeddable":true,"href":"https:\/\/philippe-tallis.fr\/index.php?rest_route=\/wp\/v2\/media\/1393"}],"wp:attachment":[{"href":"https:\/\/philippe-tallis.fr\/index.php?rest_route=%2Fwp%2Fv2%2Fmedia&parent=1331"}],"wp:term":[{"taxonomy":"category","embeddable":true,"href":"https:\/\/philippe-tallis.fr\/index.php?rest_route=%2Fwp%2Fv2%2Fcategories&post=1331"},{"taxonomy":"post_tag","embeddable":true,"href":"https:\/\/philippe-tallis.fr\/index.php?rest_route=%2Fwp%2Fv2%2Ftags&post=1331"}],"curies":[{"name":"wp","href":"https:\/\/api.w.org\/{rel}","templated":true}]}}